{"id":14667,"date":"2014-12-20T19:56:37","date_gmt":"2014-12-20T17:56:37","guid":{"rendered":"http:\/\/sana.sy\/es\/?p=14667"},"modified":"2014-12-21T19:51:09","modified_gmt":"2014-12-21T17:51:09","slug":"freij-el-ejercito-es-capaz-de-encarnar-las-aspiraciones-del-pueblos-sirio-en-la-eliminacion-de-los-terroristas","status":"publish","type":"post","link":"https:\/\/archive.sana.sy\/es\/?p=14667","title":{"rendered":"Freij: \u201cel ej\u00e9rcito es capaz de encarnar las aspiraciones del pueblos sirio en la eliminaci\u00f3n del terrorismo\u201d"},"content":{"rendered":"<p style=\"text-align: justify\"><span style=\"color: #800000\">Damasco Campo, SANA<\/span><\/p>\n<p style=\"text-align: justify\">El General Fahd Jassem al-Freij, subcomandante en jefe de las Fuerzas Armadas y ministro de Defensa afirm\u00f3 que el ej\u00e9rcito sirio es capaz de encarnar las aspiraciones del pueblo sirio en la eliminaci\u00f3n de las organizaciones terroristas donde quiera que se encuentren sobre el territorio nacional.<\/p>\n<p style=\"text-align: justify\">Durante una visita en compa\u00f1\u00eda de numerosos oficiales de la Direcci\u00f3n General a varias unidades de combate en Damasco Campo, el Ministro de Defensa transmiti\u00f3 el aprecio del Comandante en Jefe, el Presidente Bashar Al-Assad, expresando el orgullo de la Direcci\u00f3n Militar por los sacrificios realizados por los hombres del Ej\u00e9rcito \u00c1rabe Sirio para mantener la seguridad de la patria y su estabilidad.<\/p>\n<p style=\"text-align: justify\">El General Freij se inform\u00f3 durante la visita sobre la disposici\u00f3n de las unidades de combate y la situaci\u00f3n de su labor, donde se encontr\u00f3 con los combatientes en sus posiciones, elogiando la alta moral combativa que caracteriza a estos y las victorias que lograron en defensa de la patria.<\/p>\n<p style=\"text-align: justify\">Asimismo, dio sus orientaciones confirmando la importancia de seguir en la realizaci\u00f3n de sus sagrados deberes nacionales hasta la restauraci\u00f3n de la seguridad y la estabilidad a la querida Siria.<\/p>\n<p style=\"text-align: justify\">Tambi\u00e9n se reuni\u00f3 con los comandantes de campo y escuch\u00f3 una detallada explicaci\u00f3n sobre las medidas tomadas por los puestos militares para mantener seguras a las zonas civiles de cualquier acto cobarde que podr\u00eda ser llevado a cabo por las organizaciones terroristas.<\/p>\n<p style=\"text-align: justify\"><span style=\"color: #0000ff\">Ghifar Al Ali &amp; Riyad Sh.<\/span><\/p>\n","protected":false},"excerpt":{"rendered":"<p>Damasco Campo, SANA El General Fahd Jassem al-Freij, subcomandante en jefe de las Fuerzas Armadas y ministro de Defensa afirm\u00f3 que el ej\u00e9rcito sirio es capaz de encarnar las aspiraciones del pueblo sirio en la eliminaci\u00f3n de las organizaciones terroristas donde quiera que se encuentren sobre el territorio nacional. Durante una visita en compa\u00f1\u00eda de &hellip;<\/p>\n","protected":false},"author":1,"featured_media":14668,"comment_status":"closed","ping_status":"closed","sticky":false,"template":"","format":"standard","meta":{"footnotes":""},"categories":[477,476],"tags":[3350],"class_list":["post-14667","post","type-post","status-publish","format-standard","has-post-thumbnail","","category-noticias-edulcorantes","category-locales","tag-freij-el-ejercito-es-capaz-de-encarnar-las-aspiraciones-del-pueblos-sirio-en-la-eliminacion-del-terrorismo"],"_links":{"self":[{"href":"https:\/\/archive.sana.sy\/es\/index.php?rest_route=\/wp\/v2\/posts\/14667"}],"collection":[{"href":"https:\/\/archive.sana.sy\/es\/index.php?rest_route=\/wp\/v2\/posts"}],"about":[{"href":"https:\/\/archive.sana.sy\/es\/index.php?rest_route=\/wp\/v2\/types\/post"}],"author":[{"embeddable":true,"href":"https:\/\/archive.sana.sy\/es\/index.php?rest_route=\/wp\/v2\/users\/1"}],"replies":[{"embeddable":true,"href":"https:\/\/archive.sana.sy\/es\/index.php?rest_route=%2Fwp%2Fv2%2Fcomments&post=14667"}],"version-history":[{"count":0,"href":"https:\/\/archive.sana.sy\/es\/index.php?rest_route=\/wp\/v2\/posts\/14667\/revisions"}],"wp:featuredmedia":[{"embeddable":true,"href":"https:\/\/archive.sana.sy\/es\/index.php?rest_route=\/wp\/v2\/media\/14668"}],"wp:attachment":[{"href":"https:\/\/archive.sana.sy\/es\/index.php?rest_route=%2Fwp%2Fv2%2Fmedia&parent=14667"}],"wp:term":[{"taxonomy":"category","embeddable":true,"href":"https:\/\/archive.sana.sy\/es\/index.php?rest_route=%2Fwp%2Fv2%2Fcategories&post=14667"},{"taxonomy":"post_tag","embeddable":true,"href":"https:\/\/archive.sana.sy\/es\/index.php?rest_route=%2Fwp%2Fv2%2Ftags&post=14667"}],"curies":[{"name":"wp","href":"https:\/\/api.w.org\/{rel}","templated":true}]}}