{"id":146845,"date":"2020-07-20T09:15:42","date_gmt":"2020-07-20T06:15:42","guid":{"rendered":"http:\/\/sana.sy\/es\/?p=146845"},"modified":"2020-07-20T09:25:38","modified_gmt":"2020-07-20T06:25:38","slug":"las-elecciones-son-un-mensaje-al-mundo-que-siria-esta-venciendo-afirman-al-moallem-y-arnous","status":"publish","type":"post","link":"https:\/\/archive.sana.sy\/es\/?p=146845","title":{"rendered":"Las elecciones son un mensaje al mundo que Siria est\u00e1 venciendo, afirman Al-Moallem y Arnous"},"content":{"rendered":"<p style=\"text-align: justify;\"><span style=\"color: #800000;\"><strong>Damasco, SANA<\/strong><\/span><\/p>\n<p style=\"text-align: justify;\">El Primer Ministro, Hussein Arnous, y el Subsecretario General del Partido Baath \u00c1rabe Socialista, Hilal al-Hilal, y varios ministros y miembros de la Direcci\u00f3n Central del Partido votaron en las elecciones de la Asamblea del Pueblo.<\/p>\n<p style=\"text-align: justify;\">En declaraciones a la prensa tras ejercer su derecho al voto, el jefe del gobierno afirm\u00f3 que las elecciones parlamentarias representan un mensaje para todos los pa\u00edses del mundo de que Siria marcha hacia la recuperaci\u00f3n y el logro de una victoria definitiva contra el terrorismo.<\/p>\n<p style=\"text-align: justify;\">\u201cEl ejercicio de este derecho constitucional es una respuesta real del pueblo sirio a todos los que conspiraron contra Siria, adem\u00e1s de representar una dura respuesta a aquellos que intentaron &#8220;asesinar la vida pol\u00edtica en el pa\u00eds\u201d, se\u00f1al\u00f3.<\/p>\n<p style=\"text-align: justify;\">Agreg\u00f3 que las elecciones representan una victoria pol\u00edtica que se a\u00f1ade a las victorias militares.<\/p>\n<p style=\"text-align: justify;\">A su vez, el viceprimer ministro y ministro de Exteriores y Emigrantes, Walid al-Muallem, declar\u00f3 que la realizaci\u00f3n de las elecciones de la Asamblea el Pueblo es una victoria que confirma el rechazo de Siria a cualquier violaci\u00f3n de su soberan\u00eda nacional y a cualquier injerencia extranjera en sus asuntos internos.<\/p>\n<div id='gallery-1' class='gallery galleryid-146845 gallery-columns-1 gallery-size-full'><figure class='gallery-item'>\n\t\t\t<div class='gallery-icon landscape'>\n\t\t\t\t<a href='https:\/\/archive.sana.sy\/es\/?attachment_id=146847'><img loading=\"lazy\" decoding=\"async\" width=\"660\" height=\"439\" src=\"https:\/\/archive.sana.sy\/es\/wp-content\/uploads\/2020\/07\/20-31.jpg\" class=\"attachment-full size-full\" alt=\"\" srcset=\"https:\/\/archive.sana.sy\/es\/wp-content\/uploads\/2020\/07\/20-31.jpg 660w, https:\/\/archive.sana.sy\/es\/wp-content\/uploads\/2020\/07\/20-31-300x200.jpg 300w, https:\/\/archive.sana.sy\/es\/wp-content\/uploads\/2020\/07\/20-31-150x100.jpg 150w, https:\/\/archive.sana.sy\/es\/wp-content\/uploads\/2020\/07\/20-31-310x205.jpg 310w\" sizes=\"(max-width: 660px) 100vw, 660px\" \/><\/a>\n\t\t\t<\/div><\/figure><figure class='gallery-item'>\n\t\t\t<div class='gallery-icon landscape'>\n\t\t\t\t<a href='https:\/\/archive.sana.sy\/es\/?attachment_id=146848'><img loading=\"lazy\" decoding=\"async\" width=\"660\" height=\"456\" src=\"https:\/\/archive.sana.sy\/es\/wp-content\/uploads\/2020\/07\/21-22.jpg\" class=\"attachment-full size-full\" alt=\"\" srcset=\"https:\/\/archive.sana.sy\/es\/wp-content\/uploads\/2020\/07\/21-22.jpg 660w, https:\/\/archive.sana.sy\/es\/wp-content\/uploads\/2020\/07\/21-22-300x207.jpg 300w, https:\/\/archive.sana.sy\/es\/wp-content\/uploads\/2020\/07\/21-22-150x104.jpg 150w, https:\/\/archive.sana.sy\/es\/wp-content\/uploads\/2020\/07\/21-22-110x75.jpg 110w\" sizes=\"(max-width: 660px) 100vw, 660px\" \/><\/a>\n\t\t\t<\/div><\/figure>\n\t\t<\/div>\n\n<p style=\"text-align: justify;\"><strong><span style=\"color: #0000ff;\">F.M\/W.S<\/span><\/strong><\/p>\n","protected":false},"excerpt":{"rendered":"<p>Damasco, SANA El Primer Ministro, Hussein Arnous, y el Subsecretario General del Partido Baath \u00c1rabe Socialista, Hilal al-Hilal, y varios ministros y miembros de la Direcci\u00f3n Central del Partido votaron en las elecciones de la Asamblea del Pueblo. En declaraciones a la prensa tras ejercer su derecho al voto, el jefe del gobierno afirm\u00f3 que &hellip;<\/p>\n","protected":false},"author":35,"featured_media":146846,"comment_status":"closed","ping_status":"closed","sticky":false,"template":"","format":"standard","meta":{"footnotes":""},"categories":[597,476,7541],"tags":[],"class_list":["post-146845","post","type-post","status-publish","format-standard","has-post-thumbnail","","category-cinta-de-noticias","category-locales","category-ultimas-noticias"],"_links":{"self":[{"href":"https:\/\/archive.sana.sy\/es\/index.php?rest_route=\/wp\/v2\/posts\/146845"}],"collection":[{"href":"https:\/\/archive.sana.sy\/es\/index.php?rest_route=\/wp\/v2\/posts"}],"about":[{"href":"https:\/\/archive.sana.sy\/es\/index.php?rest_route=\/wp\/v2\/types\/post"}],"author":[{"embeddable":true,"href":"https:\/\/archive.sana.sy\/es\/index.php?rest_route=\/wp\/v2\/users\/35"}],"replies":[{"embeddable":true,"href":"https:\/\/archive.sana.sy\/es\/index.php?rest_route=%2Fwp%2Fv2%2Fcomments&post=146845"}],"version-history":[{"count":0,"href":"https:\/\/archive.sana.sy\/es\/index.php?rest_route=\/wp\/v2\/posts\/146845\/revisions"}],"wp:featuredmedia":[{"embeddable":true,"href":"https:\/\/archive.sana.sy\/es\/index.php?rest_route=\/wp\/v2\/media\/146846"}],"wp:attachment":[{"href":"https:\/\/archive.sana.sy\/es\/index.php?rest_route=%2Fwp%2Fv2%2Fmedia&parent=146845"}],"wp:term":[{"taxonomy":"category","embeddable":true,"href":"https:\/\/archive.sana.sy\/es\/index.php?rest_route=%2Fwp%2Fv2%2Fcategories&post=146845"},{"taxonomy":"post_tag","embeddable":true,"href":"https:\/\/archive.sana.sy\/es\/index.php?rest_route=%2Fwp%2Fv2%2Ftags&post=146845"}],"curies":[{"name":"wp","href":"https:\/\/api.w.org\/{rel}","templated":true}]}}