{"id":146941,"date":"2020-07-20T11:05:23","date_gmt":"2020-07-20T08:05:23","guid":{"rendered":"http:\/\/sana.sy\/es\/?p=146941"},"modified":"2020-07-20T11:05:23","modified_gmt":"2020-07-20T08:05:23","slug":"elecciones-del-parlamento-reflejan-la-fortaleza-de-siria-afirma-periodista-cubano","status":"publish","type":"post","link":"https:\/\/archive.sana.sy\/es\/?p=146941","title":{"rendered":"Elecciones del parlamento reflejan la fortaleza de Siria, afirma periodista cubano"},"content":{"rendered":"<p><span style=\"color: #800000;\"><strong>La Habana, SANA<\/strong><\/span><\/p>\n<p>El periodista y analista pol\u00edtico cubano Leonel Nadal recalc\u00f3 que las elecciones de la Asamblea de Pueblo en Siria demuestran la fortaleza de las instituciones del Estado sirio, a pesar de las injustas medidas econ\u00f3micas impuestas a Siria por Estados Unidos y sus aliados.<\/p>\n<p>En un art\u00edculo publicado por el peri\u00f3dico cubano \u201cJuventud Rebelde\u201d, Nadal hizo hincapi\u00e9 que cada acci\u00f3n promueve la voluntad popular confirma la derrota del ocupante estadounidense en Siria ya que el gobierno sirio ha hecho un esfuerzo para garantizar el proceso electoral en todos sus detalles.<\/p>\n<p>El pueblo Sirio luchar\u00e1 hasta liberar su tierra del terrorismo a pesar de las sanciones injustas impuestas por Washington.<\/p>\n<p><span style=\"color: #0000ff;\"><strong>W.S\/F.M<\/strong><\/span><\/p>\n","protected":false},"excerpt":{"rendered":"<p>La Habana, SANA El periodista y analista pol\u00edtico cubano Leonel Nadal recalc\u00f3 que las elecciones de la Asamblea de Pueblo en Siria demuestran la fortaleza de las instituciones del Estado sirio, a pesar de las injustas medidas econ\u00f3micas impuestas a Siria por Estados Unidos y sus aliados. En un art\u00edculo publicado por el peri\u00f3dico cubano &hellip;<\/p>\n","protected":false},"author":35,"featured_media":146942,"comment_status":"closed","ping_status":"closed","sticky":false,"template":"","format":"standard","meta":{"footnotes":""},"categories":[597,467,7541],"tags":[],"class_list":["post-146941","post","type-post","status-publish","format-standard","has-post-thumbnail","","category-cinta-de-noticias","category-siria-y-el-mundo","category-ultimas-noticias"],"_links":{"self":[{"href":"https:\/\/archive.sana.sy\/es\/index.php?rest_route=\/wp\/v2\/posts\/146941"}],"collection":[{"href":"https:\/\/archive.sana.sy\/es\/index.php?rest_route=\/wp\/v2\/posts"}],"about":[{"href":"https:\/\/archive.sana.sy\/es\/index.php?rest_route=\/wp\/v2\/types\/post"}],"author":[{"embeddable":true,"href":"https:\/\/archive.sana.sy\/es\/index.php?rest_route=\/wp\/v2\/users\/35"}],"replies":[{"embeddable":true,"href":"https:\/\/archive.sana.sy\/es\/index.php?rest_route=%2Fwp%2Fv2%2Fcomments&post=146941"}],"version-history":[{"count":0,"href":"https:\/\/archive.sana.sy\/es\/index.php?rest_route=\/wp\/v2\/posts\/146941\/revisions"}],"wp:featuredmedia":[{"embeddable":true,"href":"https:\/\/archive.sana.sy\/es\/index.php?rest_route=\/wp\/v2\/media\/146942"}],"wp:attachment":[{"href":"https:\/\/archive.sana.sy\/es\/index.php?rest_route=%2Fwp%2Fv2%2Fmedia&parent=146941"}],"wp:term":[{"taxonomy":"category","embeddable":true,"href":"https:\/\/archive.sana.sy\/es\/index.php?rest_route=%2Fwp%2Fv2%2Fcategories&post=146941"},{"taxonomy":"post_tag","embeddable":true,"href":"https:\/\/archive.sana.sy\/es\/index.php?rest_route=%2Fwp%2Fv2%2Ftags&post=146941"}],"curies":[{"name":"wp","href":"https:\/\/api.w.org\/{rel}","templated":true}]}}