{"id":147070,"date":"2020-07-21T13:05:38","date_gmt":"2020-07-21T10:05:38","guid":{"rendered":"http:\/\/sana.sy\/es\/?p=147070"},"modified":"2023-01-10T14:32:22","modified_gmt":"2023-01-10T12:32:22","slug":"trabajadores-protestan-contra-el-cierre-de-su-empresa-por-una-milicia-pro-estadounidense","status":"publish","type":"post","link":"https:\/\/archive.sana.sy\/es\/?p=147070","title":{"rendered":"Trabajadores protestan contra el cierre de su empresa por una milicia pro estadounidense"},"content":{"rendered":"<p style=\"text-align: justify;\"><span style=\"color: #800000;\"><strong>Hasakeh, SANA<\/strong><\/span><\/p>\n<p style=\"text-align: justify;\">Los trabajadores de la Empresa Estatal de Electricidad en la provincia nororiental de Hasakeh prosiguen su protesta contra el cierre de su centro de trabajo por la autoproclamada milicia Fuerzas Democr\u00e1ticas de Siria (SDF) respaldada por las fuerzas de ocupaci\u00f3n estadounidenses.<\/p>\n<p style=\"text-align: justify;\">\u201cLos trabajadores mantienen su sentada por vig\u00e9simo quinto d\u00eda consecutivo frente a la sede de la empresa en el barrio Nashweh\u201d, seg\u00fan reportes del corresponsal de SANA.<\/p>\n<p style=\"text-align: justify;\"><img loading=\"lazy\" decoding=\"async\" class=\"size-medium wp-image-147071 alignleft\" src=\"http:\/\/sana.sy\/es\/wp-content\/uploads\/2020\/07\/33-17-300x191.jpg\" alt=\"\" width=\"300\" height=\"191\" srcset=\"https:\/\/archive.sana.sy\/es\/wp-content\/uploads\/2020\/07\/33-17-300x191.jpg 300w, https:\/\/archive.sana.sy\/es\/wp-content\/uploads\/2020\/07\/33-17-150x95.jpg 150w, https:\/\/archive.sana.sy\/es\/wp-content\/uploads\/2020\/07\/33-17.jpg 660w\" sizes=\"(max-width: 300px) 100vw, 300px\" \/>Exigieron volver al trabajo para que su entidad vuelva a prestar servicios a los ciudadanos en toda la provincia de Hasakeh.<\/p>\n<p style=\"text-align: justify;\">A finales del \u00faltimo mes de junio, la milicia FDS entr\u00f3 por la fuerza de las armas en edificios, instituciones y sedes gubernamentales en la ciudad de Hasakeh y procedi\u00f3 a cerrarlas tras expulsar a los trabajadores de las mismas.<\/p>\n<p style=\"text-align: justify;\"><span style=\"color: #0000ff;\">F.M<\/span><\/p>\n","protected":false},"excerpt":{"rendered":"<p>Hasakeh, SANA Los trabajadores de la Empresa Estatal de Electricidad en la provincia nororiental de Hasakeh prosiguen su protesta contra el cierre de su centro de trabajo por la autoproclamada milicia Fuerzas Democr\u00e1ticas de Siria (SDF) respaldada por las fuerzas de ocupaci\u00f3n estadounidenses. \u201cLos trabajadores mantienen su sentada por vig\u00e9simo quinto d\u00eda consecutivo frente a &hellip;<\/p>\n","protected":false},"author":34,"featured_media":147072,"comment_status":"closed","ping_status":"closed","sticky":false,"template":"","format":"standard","meta":{"footnotes":""},"categories":[447,597,573,476,7541],"tags":[],"class_list":["post-147070","post","type-post","status-publish","format-standard","has-post-thumbnail","","category-local-politica","category-cinta-de-noticias","category-la-realidad-de-los-acontecimientos-en-siria","category-locales","category-ultimas-noticias"],"_links":{"self":[{"href":"https:\/\/archive.sana.sy\/es\/index.php?rest_route=\/wp\/v2\/posts\/147070"}],"collection":[{"href":"https:\/\/archive.sana.sy\/es\/index.php?rest_route=\/wp\/v2\/posts"}],"about":[{"href":"https:\/\/archive.sana.sy\/es\/index.php?rest_route=\/wp\/v2\/types\/post"}],"author":[{"embeddable":true,"href":"https:\/\/archive.sana.sy\/es\/index.php?rest_route=\/wp\/v2\/users\/34"}],"replies":[{"embeddable":true,"href":"https:\/\/archive.sana.sy\/es\/index.php?rest_route=%2Fwp%2Fv2%2Fcomments&post=147070"}],"version-history":[{"count":0,"href":"https:\/\/archive.sana.sy\/es\/index.php?rest_route=\/wp\/v2\/posts\/147070\/revisions"}],"wp:featuredmedia":[{"embeddable":true,"href":"https:\/\/archive.sana.sy\/es\/index.php?rest_route=\/wp\/v2\/media\/147072"}],"wp:attachment":[{"href":"https:\/\/archive.sana.sy\/es\/index.php?rest_route=%2Fwp%2Fv2%2Fmedia&parent=147070"}],"wp:term":[{"taxonomy":"category","embeddable":true,"href":"https:\/\/archive.sana.sy\/es\/index.php?rest_route=%2Fwp%2Fv2%2Fcategories&post=147070"},{"taxonomy":"post_tag","embeddable":true,"href":"https:\/\/archive.sana.sy\/es\/index.php?rest_route=%2Fwp%2Fv2%2Ftags&post=147070"}],"curies":[{"name":"wp","href":"https:\/\/api.w.org\/{rel}","templated":true}]}}