{"id":147086,"date":"2020-07-21T13:18:42","date_gmt":"2020-07-21T10:18:42","guid":{"rendered":"http:\/\/sana.sy\/es\/?p=147086"},"modified":"2020-07-21T14:01:45","modified_gmt":"2020-07-21T11:01:45","slug":"presidente-al-assad-decreta-organizar-examenes-para-estudiantes-de-bachillerato-que-no-pudieron-presentarse-por-el-terrorismo-y-la-covid-19","status":"publish","type":"post","link":"https:\/\/archive.sana.sy\/es\/?p=147086","title":{"rendered":"Decreto presidencial concede otra oportunidad de ex\u00e1menes para estudiantes de bachillerato"},"content":{"rendered":"<p style=\"text-align: justify;\"><strong><span style=\"color: #800000;\">Damasco, SANA<\/span><\/strong><\/p>\n<p style=\"text-align: justify;\">El presidente Bashar al-Assad, promulg\u00f3 el decreto No. 181 del a\u00f1o 2020 que concede una nueva oportunidad a los estudiantes de bachillerato para que se presenten a los ex\u00e1menes finales.<\/p>\n<p style=\"text-align: justify;\">Se benefician del decreto los estudiantes que no pudieron presentar sus ex\u00e1menes finales por diferentes razones como por estar en centros de cuarentena o aquellos que los terroristas les impidieron de llegar a llegar a sus escuelas.<\/p>\n<p style=\"text-align: justify;\"><span style=\"color: #0000ff;\"><strong>F.M\/W.S<\/strong><\/span><\/p>\n","protected":false},"excerpt":{"rendered":"<p>Damasco, SANA El presidente Bashar al-Assad, promulg\u00f3 el decreto No. 181 del a\u00f1o 2020 que concede una nueva oportunidad a los estudiantes de bachillerato para que se presenten a los ex\u00e1menes finales. Se benefician del decreto los estudiantes que no pudieron presentar sus ex\u00e1menes finales por diferentes razones como por estar en centros de cuarentena &hellip;<\/p>\n","protected":false},"author":35,"featured_media":0,"comment_status":"closed","ping_status":"closed","sticky":false,"template":"","format":"standard","meta":{"footnotes":""},"categories":[597,16237,583],"tags":[],"class_list":["post-147086","post","type-post","status-publish","format-standard","","category-cinta-de-noticias","category-presidence-de-la-republique-arabe-syria","category-slide"],"_links":{"self":[{"href":"https:\/\/archive.sana.sy\/es\/index.php?rest_route=\/wp\/v2\/posts\/147086"}],"collection":[{"href":"https:\/\/archive.sana.sy\/es\/index.php?rest_route=\/wp\/v2\/posts"}],"about":[{"href":"https:\/\/archive.sana.sy\/es\/index.php?rest_route=\/wp\/v2\/types\/post"}],"author":[{"embeddable":true,"href":"https:\/\/archive.sana.sy\/es\/index.php?rest_route=\/wp\/v2\/users\/35"}],"replies":[{"embeddable":true,"href":"https:\/\/archive.sana.sy\/es\/index.php?rest_route=%2Fwp%2Fv2%2Fcomments&post=147086"}],"version-history":[{"count":0,"href":"https:\/\/archive.sana.sy\/es\/index.php?rest_route=\/wp\/v2\/posts\/147086\/revisions"}],"wp:attachment":[{"href":"https:\/\/archive.sana.sy\/es\/index.php?rest_route=%2Fwp%2Fv2%2Fmedia&parent=147086"}],"wp:term":[{"taxonomy":"category","embeddable":true,"href":"https:\/\/archive.sana.sy\/es\/index.php?rest_route=%2Fwp%2Fv2%2Fcategories&post=147086"},{"taxonomy":"post_tag","embeddable":true,"href":"https:\/\/archive.sana.sy\/es\/index.php?rest_route=%2Fwp%2Fv2%2Ftags&post=147086"}],"curies":[{"name":"wp","href":"https:\/\/api.w.org\/{rel}","templated":true}]}}