{"id":147089,"date":"2020-07-21T13:21:54","date_gmt":"2020-07-21T10:21:54","guid":{"rendered":"http:\/\/sana.sy\/es\/?p=147089"},"modified":"2020-07-21T13:21:54","modified_gmt":"2020-07-21T10:21:54","slug":"al-moallem-recibe-copia-de-las-credenciales-del-embajador-de-abjasia-en-damasco","status":"publish","type":"post","link":"https:\/\/archive.sana.sy\/es\/?p=147089","title":{"rendered":"Al-Moallem recibe copia de las credenciales del embajador de Abjasia en Damasco"},"content":{"rendered":"<p style=\"text-align: justify;\"><span style=\"color: #800000;\"><strong>Damasco, SANA<\/strong><\/span><\/p>\n<p style=\"text-align: justify;\">El Viceprimer Ministro y ministro de Exteriores y Expatriados, Walid al-Moallem, recibi\u00f3 hoy al Sr. Khoutaba Baghrat Rashofitish quien entreg\u00f3 una Copia de Estilo de sus cartas credenciales como embajador plenipotenciario y extraordinario de la Rep\u00fablica de Abjasia en la Rep\u00fablica \u00c1rabe Siria.<\/p>\n<p style=\"text-align: justify;\">Al-Moallem se reuni\u00f3 con el nuevo embajador y repas\u00f3 con \u00e9l, las relaciones bilaterales y las v\u00edas de reforzar e impulsar la cooperaci\u00f3n en los diferentes campos y por el bien y el inter\u00e9s de los dos pueblos y pa\u00edses.<\/p>\n<p style=\"text-align: justify;\"><span style=\"color: #0000ff;\"><strong>F.M\/W.S<\/strong><\/span><\/p>\n","protected":false},"excerpt":{"rendered":"<p>Damasco, SANA El Viceprimer Ministro y ministro de Exteriores y Expatriados, Walid al-Moallem, recibi\u00f3 hoy al Sr. Khoutaba Baghrat Rashofitish quien entreg\u00f3 una Copia de Estilo de sus cartas credenciales como embajador plenipotenciario y extraordinario de la Rep\u00fablica de Abjasia en la Rep\u00fablica \u00c1rabe Siria. Al-Moallem se reuni\u00f3 con el nuevo embajador y repas\u00f3 con &hellip;<\/p>\n","protected":false},"author":35,"featured_media":147090,"comment_status":"closed","ping_status":"closed","sticky":false,"template":"","format":"standard","meta":{"footnotes":""},"categories":[597,476,7541],"tags":[],"class_list":["post-147089","post","type-post","status-publish","format-standard","has-post-thumbnail","","category-cinta-de-noticias","category-locales","category-ultimas-noticias"],"_links":{"self":[{"href":"https:\/\/archive.sana.sy\/es\/index.php?rest_route=\/wp\/v2\/posts\/147089"}],"collection":[{"href":"https:\/\/archive.sana.sy\/es\/index.php?rest_route=\/wp\/v2\/posts"}],"about":[{"href":"https:\/\/archive.sana.sy\/es\/index.php?rest_route=\/wp\/v2\/types\/post"}],"author":[{"embeddable":true,"href":"https:\/\/archive.sana.sy\/es\/index.php?rest_route=\/wp\/v2\/users\/35"}],"replies":[{"embeddable":true,"href":"https:\/\/archive.sana.sy\/es\/index.php?rest_route=%2Fwp%2Fv2%2Fcomments&post=147089"}],"version-history":[{"count":0,"href":"https:\/\/archive.sana.sy\/es\/index.php?rest_route=\/wp\/v2\/posts\/147089\/revisions"}],"wp:featuredmedia":[{"embeddable":true,"href":"https:\/\/archive.sana.sy\/es\/index.php?rest_route=\/wp\/v2\/media\/147090"}],"wp:attachment":[{"href":"https:\/\/archive.sana.sy\/es\/index.php?rest_route=%2Fwp%2Fv2%2Fmedia&parent=147089"}],"wp:term":[{"taxonomy":"category","embeddable":true,"href":"https:\/\/archive.sana.sy\/es\/index.php?rest_route=%2Fwp%2Fv2%2Fcategories&post=147089"},{"taxonomy":"post_tag","embeddable":true,"href":"https:\/\/archive.sana.sy\/es\/index.php?rest_route=%2Fwp%2Fv2%2Ftags&post=147089"}],"curies":[{"name":"wp","href":"https:\/\/api.w.org\/{rel}","templated":true}]}}