{"id":147115,"date":"2020-07-21T14:03:28","date_gmt":"2020-07-21T11:03:28","guid":{"rendered":"http:\/\/sana.sy\/es\/?p=147115"},"modified":"2020-07-21T22:42:09","modified_gmt":"2020-07-21T19:42:09","slug":"aerolinea-siria-repatriara-a-sirios-varados-en-emiratos-arabes-unidos-por-pandemia-de-covid-19","status":"publish","type":"post","link":"https:\/\/archive.sana.sy\/es\/?p=147115","title":{"rendered":"Aerol\u00ednea siria repatriar\u00e1 a sirios varados en EAU por Covid-19"},"content":{"rendered":"<p><span style=\"color: #800000;\">Damasco, SANA<\/span><\/p>\n<p style=\"text-align: justify;\">El Ministerio de Transporte anunci\u00f3 que la aerol\u00ednea siria Syrian Airlines realizar\u00e1 el pr\u00f3ximo lunes un vuelo ruta Sharjah-Damasco para repatriar a los ciudadanos sirios varados en Emiratos \u00c1rabes Unidos.<\/p>\n<p style=\"text-align: justify;\">En un comunicado, el Ministerio exhort\u00f3 a los sirios en dicho pa\u00eds \u00e1rabe que desean regresar, cumplir con las medidas de prevenci\u00f3n tanto en el avi\u00f3n como en el aeropuerto, as\u00ed como comprometerse con pasar el periodo de cuarentena en el centro de confinamiento de Hiryelleh en las afueras de Damasco.<\/p>\n<p style=\"text-align: justify;\">L.A.\/ F.M<\/p>\n","protected":false},"excerpt":{"rendered":"<p>Damasco, SANA El Ministerio de Transporte anunci\u00f3 que la aerol\u00ednea siria Syrian Airlines realizar\u00e1 el pr\u00f3ximo lunes un vuelo ruta Sharjah-Damasco para repatriar a los ciudadanos sirios varados en Emiratos \u00c1rabes Unidos. En un comunicado, el Ministerio exhort\u00f3 a los sirios en dicho pa\u00eds \u00e1rabe que desean regresar, cumplir con las medidas de prevenci\u00f3n tanto &hellip;<\/p>\n","protected":false},"author":24,"featured_media":147116,"comment_status":"closed","ping_status":"closed","sticky":false,"template":"","format":"standard","meta":{"footnotes":""},"categories":[597,476,7541],"tags":[],"class_list":["post-147115","post","type-post","status-publish","format-standard","has-post-thumbnail","","category-cinta-de-noticias","category-locales","category-ultimas-noticias"],"_links":{"self":[{"href":"https:\/\/archive.sana.sy\/es\/index.php?rest_route=\/wp\/v2\/posts\/147115"}],"collection":[{"href":"https:\/\/archive.sana.sy\/es\/index.php?rest_route=\/wp\/v2\/posts"}],"about":[{"href":"https:\/\/archive.sana.sy\/es\/index.php?rest_route=\/wp\/v2\/types\/post"}],"author":[{"embeddable":true,"href":"https:\/\/archive.sana.sy\/es\/index.php?rest_route=\/wp\/v2\/users\/24"}],"replies":[{"embeddable":true,"href":"https:\/\/archive.sana.sy\/es\/index.php?rest_route=%2Fwp%2Fv2%2Fcomments&post=147115"}],"version-history":[{"count":0,"href":"https:\/\/archive.sana.sy\/es\/index.php?rest_route=\/wp\/v2\/posts\/147115\/revisions"}],"wp:featuredmedia":[{"embeddable":true,"href":"https:\/\/archive.sana.sy\/es\/index.php?rest_route=\/wp\/v2\/media\/147116"}],"wp:attachment":[{"href":"https:\/\/archive.sana.sy\/es\/index.php?rest_route=%2Fwp%2Fv2%2Fmedia&parent=147115"}],"wp:term":[{"taxonomy":"category","embeddable":true,"href":"https:\/\/archive.sana.sy\/es\/index.php?rest_route=%2Fwp%2Fv2%2Fcategories&post=147115"},{"taxonomy":"post_tag","embeddable":true,"href":"https:\/\/archive.sana.sy\/es\/index.php?rest_route=%2Fwp%2Fv2%2Ftags&post=147115"}],"curies":[{"name":"wp","href":"https:\/\/api.w.org\/{rel}","templated":true}]}}