{"id":147137,"date":"2020-07-21T19:54:45","date_gmt":"2020-07-21T16:54:45","guid":{"rendered":"http:\/\/sana.sy\/es\/?p=147137"},"modified":"2023-01-12T14:43:48","modified_gmt":"2023-01-12T12:43:48","slug":"rusia-y-egipto-abogan-por-una-solucion-politica-en-libia","status":"publish","type":"post","link":"https:\/\/archive.sana.sy\/es\/?p=147137","title":{"rendered":"Rusia y Egipto abogan por una &#8220;soluci\u00f3n pol\u00edtica&#8221; en Libia"},"content":{"rendered":"<p><span style=\"color: #800000;\">Mosc\u00fa, SANA<\/span><\/p>\n<p style=\"text-align: justify;\">El canciller ruso, Serguei Lavrov, y su pare egipcio Sameh Shoukry, discutieron este martes por v\u00eda telef\u00f3nica la situaci\u00f3n en la regi\u00f3n de Medio Oriente y \u00c1frica del Norte, particularmente la situaci\u00f3n en Libia, seg\u00fan declar\u00f3 la canciller\u00eda rusa por medio de un comunicado.<\/p>\n<p style=\"text-align: justify;\">&#8220;Las dos partes afirmaron durante la conversaci\u00f3n que las conversaciones son la \u00fanica manera para resolver la crisis en Libia con la participaci\u00f3n de todas las partes libias&#8221;, agrega la nota.<\/p>\n<p style=\"text-align: justify;\">Seg\u00fan el comunicado, ambos lados subrayaron la importancia de la Declaraci\u00f3n de El Cairo emitida el 6 de junio para mejorar los principios b\u00e1sicos de la Conferencia de Berl\u00edn con el objetivo de organizar un di\u00e1logo integral entre los libios para llegar a un acuerdo.<\/p>\n<p style=\"text-align: justify;\">Anteriormente, el presidente egipcio, Abdel Fattah El-Sisi, confirm\u00f3 que algunas partes extranjeras apoyan a grupos terroristas en Libia, expresando la disposici\u00f3n de su pa\u00eds para brindar apoyo y asistencia al pueblo libio.<\/p>\n<p>M.M<\/p>\n","protected":false},"excerpt":{"rendered":"<p>Mosc\u00fa, SANA El canciller ruso, Serguei Lavrov, y su pare egipcio Sameh Shoukry, discutieron este martes por v\u00eda telef\u00f3nica la situaci\u00f3n en la regi\u00f3n de Medio Oriente y \u00c1frica del Norte, particularmente la situaci\u00f3n en Libia, seg\u00fan declar\u00f3 la canciller\u00eda rusa por medio de un comunicado. &#8220;Las dos partes afirmaron durante la conversaci\u00f3n que las &hellip;<\/p>\n","protected":false},"author":36,"featured_media":147138,"comment_status":"closed","ping_status":"closed","sticky":false,"template":"","format":"standard","meta":{"footnotes":""},"categories":[597,456,457],"tags":[5067],"class_list":["post-147137","post","type-post","status-publish","format-standard","has-post-thumbnail","","category-cinta-de-noticias","category-arabe-internacional-politica","category-noticias-arabe-internacional-politica","tag-libia"],"_links":{"self":[{"href":"https:\/\/archive.sana.sy\/es\/index.php?rest_route=\/wp\/v2\/posts\/147137"}],"collection":[{"href":"https:\/\/archive.sana.sy\/es\/index.php?rest_route=\/wp\/v2\/posts"}],"about":[{"href":"https:\/\/archive.sana.sy\/es\/index.php?rest_route=\/wp\/v2\/types\/post"}],"author":[{"embeddable":true,"href":"https:\/\/archive.sana.sy\/es\/index.php?rest_route=\/wp\/v2\/users\/36"}],"replies":[{"embeddable":true,"href":"https:\/\/archive.sana.sy\/es\/index.php?rest_route=%2Fwp%2Fv2%2Fcomments&post=147137"}],"version-history":[{"count":0,"href":"https:\/\/archive.sana.sy\/es\/index.php?rest_route=\/wp\/v2\/posts\/147137\/revisions"}],"wp:featuredmedia":[{"embeddable":true,"href":"https:\/\/archive.sana.sy\/es\/index.php?rest_route=\/wp\/v2\/media\/147138"}],"wp:attachment":[{"href":"https:\/\/archive.sana.sy\/es\/index.php?rest_route=%2Fwp%2Fv2%2Fmedia&parent=147137"}],"wp:term":[{"taxonomy":"category","embeddable":true,"href":"https:\/\/archive.sana.sy\/es\/index.php?rest_route=%2Fwp%2Fv2%2Fcategories&post=147137"},{"taxonomy":"post_tag","embeddable":true,"href":"https:\/\/archive.sana.sy\/es\/index.php?rest_route=%2Fwp%2Fv2%2Ftags&post=147137"}],"curies":[{"name":"wp","href":"https:\/\/api.w.org\/{rel}","templated":true}]}}