{"id":147141,"date":"2020-07-21T20:07:26","date_gmt":"2020-07-21T17:07:26","guid":{"rendered":"http:\/\/sana.sy\/es\/?p=147141"},"modified":"2023-01-10T14:32:22","modified_gmt":"2023-01-10T12:32:22","slug":"siria-revela-deteccion-de18-nuevos-casos-de-covid-19","status":"publish","type":"post","link":"https:\/\/archive.sana.sy\/es\/?p=147141","title":{"rendered":"Siria revela 18 nuevos casos de Covid-19, seis recuperaciones y dos decesos"},"content":{"rendered":"<p style=\"text-align: justify\"><span style=\"color: #800000\">Damasco, SANA<\/span><\/p>\n<p style=\"text-align: justify\">El Ministerio de Salud de Siria revel\u00f3 que 18 nuevos casos de Covid-19 fueron detectados en las \u00faltimas horas en el pa\u00eds, para un total de 540 casos.<\/p>\n<p style=\"text-align: justify\">Asimismo confirm\u00f3 mediante una nota la recuperaci\u00f3n de 6 contagiados, lo que eleva la cifra de los pacientes que fueron dados de alta a 160.<\/p>\n<p style=\"text-align: justify\">Se\u00f1al\u00f3 que el deceso de dos casos ascendi\u00f3 a 31 la cifra de mortalidad por esta pandemia en el pa\u00eds.<\/p>\n<p style=\"text-align: justify\">El 22 del pasado mes de marzo se registr\u00f3 el primer contagio por el nuevo Coronavirus en Siria, y fue un caso importado.<\/p>\n<p style=\"text-align: justify\">L.A.<\/p>\n","protected":false},"excerpt":{"rendered":"<p>Damasco, SANA El Ministerio de Salud de Siria revel\u00f3 que 18 nuevos casos de Covid-19 fueron detectados en las \u00faltimas horas en el pa\u00eds, para un total de 540 casos. Asimismo confirm\u00f3 mediante una nota la recuperaci\u00f3n de 6 contagiados, lo que eleva la cifra de los pacientes que fueron dados de alta a 160. &hellip;<\/p>\n","protected":false},"author":24,"featured_media":147142,"comment_status":"closed","ping_status":"closed","sticky":false,"template":"","format":"standard","meta":{"footnotes":""},"categories":[447,597,476,7541],"tags":[],"class_list":["post-147141","post","type-post","status-publish","format-standard","has-post-thumbnail","","category-local-politica","category-cinta-de-noticias","category-locales","category-ultimas-noticias"],"_links":{"self":[{"href":"https:\/\/archive.sana.sy\/es\/index.php?rest_route=\/wp\/v2\/posts\/147141"}],"collection":[{"href":"https:\/\/archive.sana.sy\/es\/index.php?rest_route=\/wp\/v2\/posts"}],"about":[{"href":"https:\/\/archive.sana.sy\/es\/index.php?rest_route=\/wp\/v2\/types\/post"}],"author":[{"embeddable":true,"href":"https:\/\/archive.sana.sy\/es\/index.php?rest_route=\/wp\/v2\/users\/24"}],"replies":[{"embeddable":true,"href":"https:\/\/archive.sana.sy\/es\/index.php?rest_route=%2Fwp%2Fv2%2Fcomments&post=147141"}],"version-history":[{"count":0,"href":"https:\/\/archive.sana.sy\/es\/index.php?rest_route=\/wp\/v2\/posts\/147141\/revisions"}],"wp:featuredmedia":[{"embeddable":true,"href":"https:\/\/archive.sana.sy\/es\/index.php?rest_route=\/wp\/v2\/media\/147142"}],"wp:attachment":[{"href":"https:\/\/archive.sana.sy\/es\/index.php?rest_route=%2Fwp%2Fv2%2Fmedia&parent=147141"}],"wp:term":[{"taxonomy":"category","embeddable":true,"href":"https:\/\/archive.sana.sy\/es\/index.php?rest_route=%2Fwp%2Fv2%2Fcategories&post=147141"},{"taxonomy":"post_tag","embeddable":true,"href":"https:\/\/archive.sana.sy\/es\/index.php?rest_route=%2Fwp%2Fv2%2Ftags&post=147141"}],"curies":[{"name":"wp","href":"https:\/\/api.w.org\/{rel}","templated":true}]}}