{"id":147148,"date":"2020-07-21T20:18:56","date_gmt":"2020-07-21T17:18:56","guid":{"rendered":"http:\/\/sana.sy\/es\/?p=147148"},"modified":"2023-01-12T14:43:48","modified_gmt":"2023-01-12T12:43:48","slug":"fuerzas-iraquies-arrestan-a-tres-efectivos-terroristas-de-daesh","status":"publish","type":"post","link":"https:\/\/archive.sana.sy\/es\/?p=147148","title":{"rendered":"Fuerzas iraqu\u00edes arrestan a tres efectivos terroristas de Daesh"},"content":{"rendered":"<p><span style=\"color: #800000;\">Bagdad, SANA<\/span><\/p>\n<p style=\"text-align: justify;\">Las fuerzas de seguridad iraqu\u00edes arrestaron este martes a tres extremistas del grupo terrorista Daesh, uno de cuales fue una cabecilla de la organizaci\u00f3n, en el distrito de Tuz, en el norte del pa\u00eds, seg\u00fan ha informado el portal informativo Alsumaria News.<\/p>\n<p style=\"text-align: justify;\">&#8220;El primer arresto se realiz\u00f3 en la provincia de Sulaymaniyah, mientras la segunda operaci\u00f3n tuvo lugar en el distrito de Sherqat, en la provincia de Salahuddin&#8221;, agrega la fuente.<\/p>\n<p style=\"text-align: justify;\">Anteriormente, el Comando de la Polic\u00eda Federal iraqu\u00ed hab\u00eda anunciado la detenci\u00f3n de un terrorista de Daesh en la gobernaci\u00f3n de Kirkuk.<\/p>\n<p style=\"text-align: justify;\">M.M<\/p>\n","protected":false},"excerpt":{"rendered":"<p>Bagdad, SANA Las fuerzas de seguridad iraqu\u00edes arrestaron este martes a tres extremistas del grupo terrorista Daesh, uno de cuales fue una cabecilla de la organizaci\u00f3n, en el distrito de Tuz, en el norte del pa\u00eds, seg\u00fan ha informado el portal informativo Alsumaria News. &#8220;El primer arresto se realiz\u00f3 en la provincia de Sulaymaniyah, mientras &hellip;<\/p>\n","protected":false},"author":36,"featured_media":37310,"comment_status":"closed","ping_status":"closed","sticky":false,"template":"","format":"standard","meta":{"footnotes":""},"categories":[456,457],"tags":[5835],"class_list":["post-147148","post","type-post","status-publish","format-standard","has-post-thumbnail","","category-arabe-internacional-politica","category-noticias-arabe-internacional-politica","tag-iraq"],"_links":{"self":[{"href":"https:\/\/archive.sana.sy\/es\/index.php?rest_route=\/wp\/v2\/posts\/147148"}],"collection":[{"href":"https:\/\/archive.sana.sy\/es\/index.php?rest_route=\/wp\/v2\/posts"}],"about":[{"href":"https:\/\/archive.sana.sy\/es\/index.php?rest_route=\/wp\/v2\/types\/post"}],"author":[{"embeddable":true,"href":"https:\/\/archive.sana.sy\/es\/index.php?rest_route=\/wp\/v2\/users\/36"}],"replies":[{"embeddable":true,"href":"https:\/\/archive.sana.sy\/es\/index.php?rest_route=%2Fwp%2Fv2%2Fcomments&post=147148"}],"version-history":[{"count":0,"href":"https:\/\/archive.sana.sy\/es\/index.php?rest_route=\/wp\/v2\/posts\/147148\/revisions"}],"wp:featuredmedia":[{"embeddable":true,"href":"https:\/\/archive.sana.sy\/es\/index.php?rest_route=\/wp\/v2\/media\/37310"}],"wp:attachment":[{"href":"https:\/\/archive.sana.sy\/es\/index.php?rest_route=%2Fwp%2Fv2%2Fmedia&parent=147148"}],"wp:term":[{"taxonomy":"category","embeddable":true,"href":"https:\/\/archive.sana.sy\/es\/index.php?rest_route=%2Fwp%2Fv2%2Fcategories&post=147148"},{"taxonomy":"post_tag","embeddable":true,"href":"https:\/\/archive.sana.sy\/es\/index.php?rest_route=%2Fwp%2Fv2%2Ftags&post=147148"}],"curies":[{"name":"wp","href":"https:\/\/api.w.org\/{rel}","templated":true}]}}