{"id":147155,"date":"2020-07-21T22:34:15","date_gmt":"2020-07-21T19:34:15","guid":{"rendered":"http:\/\/sana.sy\/es\/?p=147155"},"modified":"2020-07-21T23:12:57","modified_gmt":"2020-07-21T20:12:57","slug":"atentado-terrorista-mata-a-un-civil-en-deraa-al-balad","status":"publish","type":"post","link":"https:\/\/archive.sana.sy\/es\/?p=147155","title":{"rendered":"Atentado terrorista mata a un civil en Deraa Al-Balad"},"content":{"rendered":"<p><span style=\"color: #800000;\">Deraa, SANA<\/span><\/p>\n<p style=\"text-align: justify;\">Un civil muri\u00f3 y otros diez resultaron heridos por un atentado suicida con motocicleta bomba que tuvo lugar en el vecindario de Al-Manshia, que se encuentra en Deraa Al-Balad, inform\u00f3 una fuente policial.<\/p>\n<p style=\"text-align: justify;\">En declaraciones a SANA, la fuente detall\u00f3 que \u201cun terrorista suicida que llevaba un artefacto explosivo y conduc\u00eda una motocicleta en el barrio de Al-Manshia en Deraa al-Balad, mat\u00f3 a un civil e hiriendo a otras diez, incluidos ni\u00f1os, que fueron trasladados al Hospital Nacional de Deraa\u201d.<\/p>\n<p style=\"text-align: justify;\">Asimismo, una fuente del referido hospital explic\u00f3 que el hospital recibi\u00f3 a heridos, dos de los cuales se encuentran en un estado cr\u00edtico.<\/p>\n<p>&nbsp;<\/p>\n<p>M.M<\/p>\n","protected":false},"excerpt":{"rendered":"<p>Deraa, SANA Un civil muri\u00f3 y otros diez resultaron heridos por un atentado suicida con motocicleta bomba que tuvo lugar en el vecindario de Al-Manshia, que se encuentra en Deraa Al-Balad, inform\u00f3 una fuente policial. En declaraciones a SANA, la fuente detall\u00f3 que \u201cun terrorista suicida que llevaba un artefacto explosivo y conduc\u00eda una motocicleta &hellip;<\/p>\n","protected":false},"author":36,"featured_media":147156,"comment_status":"closed","ping_status":"closed","sticky":false,"template":"","format":"standard","meta":{"footnotes":""},"categories":[597,573,7541],"tags":[],"class_list":["post-147155","post","type-post","status-publish","format-standard","has-post-thumbnail","","category-cinta-de-noticias","category-la-realidad-de-los-acontecimientos-en-siria","category-ultimas-noticias"],"_links":{"self":[{"href":"https:\/\/archive.sana.sy\/es\/index.php?rest_route=\/wp\/v2\/posts\/147155"}],"collection":[{"href":"https:\/\/archive.sana.sy\/es\/index.php?rest_route=\/wp\/v2\/posts"}],"about":[{"href":"https:\/\/archive.sana.sy\/es\/index.php?rest_route=\/wp\/v2\/types\/post"}],"author":[{"embeddable":true,"href":"https:\/\/archive.sana.sy\/es\/index.php?rest_route=\/wp\/v2\/users\/36"}],"replies":[{"embeddable":true,"href":"https:\/\/archive.sana.sy\/es\/index.php?rest_route=%2Fwp%2Fv2%2Fcomments&post=147155"}],"version-history":[{"count":0,"href":"https:\/\/archive.sana.sy\/es\/index.php?rest_route=\/wp\/v2\/posts\/147155\/revisions"}],"wp:featuredmedia":[{"embeddable":true,"href":"https:\/\/archive.sana.sy\/es\/index.php?rest_route=\/wp\/v2\/media\/147156"}],"wp:attachment":[{"href":"https:\/\/archive.sana.sy\/es\/index.php?rest_route=%2Fwp%2Fv2%2Fmedia&parent=147155"}],"wp:term":[{"taxonomy":"category","embeddable":true,"href":"https:\/\/archive.sana.sy\/es\/index.php?rest_route=%2Fwp%2Fv2%2Fcategories&post=147155"},{"taxonomy":"post_tag","embeddable":true,"href":"https:\/\/archive.sana.sy\/es\/index.php?rest_route=%2Fwp%2Fv2%2Ftags&post=147155"}],"curies":[{"name":"wp","href":"https:\/\/api.w.org\/{rel}","templated":true}]}}