{"id":147179,"date":"2020-07-22T10:02:08","date_gmt":"2020-07-22T07:02:08","guid":{"rendered":"http:\/\/sana.sy\/es\/?p=147179"},"modified":"2023-01-12T14:43:48","modified_gmt":"2023-01-12T12:43:48","slug":"ejercito-egipcio-elimino-terroristas-en-el-norte-del-sinai","status":"publish","type":"post","link":"https:\/\/archive.sana.sy\/es\/?p=147179","title":{"rendered":"Ej\u00e9rcito egipcio elimin\u00f3 terroristas en el norte del Sina\u00ed"},"content":{"rendered":"<p style=\"text-align: justify;\"><span style=\"color: #800000;\"><strong>El Cairo, SANA<\/strong><\/span><\/p>\n<p style=\"text-align: justify;\">Las Fuerzas Armadas de Egipto eliminaron a 18 terroristas al repeler un ataque contra uno de sus puntos de seguridad, en la localidad de Beir al-Abd, en el norte de Sina\u00ed.<\/p>\n<p style=\"text-align: justify;\">En un comunicado, el ej\u00e9rcito asegur\u00f3 que sus tropas lograron rechazar un ataque de los terroristas takfiristas contra una base de seguridad en la referida localidad.<\/p>\n<p style=\"text-align: justify;\">La nota indic\u00f3 que las fuerzas de seguridad en cooperaci\u00f3n con la aviaci\u00f3n, persiguieron a los terroristas a una granja y casas inhabitadas, y abatieron a 18 de ellos, y uno llevaba un cintur\u00f3n de explosivos.<\/p>\n<p style=\"text-align: justify;\">Durante los enfrentamientos, dos soldados del ej\u00e9rcito egipcio murieron y cuatro resultaron heridos.<br \/>\n\u201cLas fuerzas har\u00e1n todo lo posible para erradicar las ra\u00edces del terrorismo y proporcionar seguridad al pueblo egipcio\u201d, precis\u00f3 el comunicado.<\/p>\n<p style=\"text-align: justify;\"><span style=\"color: #0000ff;\"><strong>W.S\/F.M<\/strong><\/span><\/p>\n","protected":false},"excerpt":{"rendered":"<p>El Cairo, SANA Las Fuerzas Armadas de Egipto eliminaron a 18 terroristas al repeler un ataque contra uno de sus puntos de seguridad, en la localidad de Beir al-Abd, en el norte de Sina\u00ed. En un comunicado, el ej\u00e9rcito asegur\u00f3 que sus tropas lograron rechazar un ataque de los terroristas takfiristas contra una base de &hellip;<\/p>\n","protected":false},"author":35,"featured_media":147180,"comment_status":"closed","ping_status":"closed","sticky":false,"template":"","format":"standard","meta":{"footnotes":""},"categories":[597,456],"tags":[],"class_list":["post-147179","post","type-post","status-publish","format-standard","has-post-thumbnail","","category-cinta-de-noticias","category-arabe-internacional-politica"],"_links":{"self":[{"href":"https:\/\/archive.sana.sy\/es\/index.php?rest_route=\/wp\/v2\/posts\/147179"}],"collection":[{"href":"https:\/\/archive.sana.sy\/es\/index.php?rest_route=\/wp\/v2\/posts"}],"about":[{"href":"https:\/\/archive.sana.sy\/es\/index.php?rest_route=\/wp\/v2\/types\/post"}],"author":[{"embeddable":true,"href":"https:\/\/archive.sana.sy\/es\/index.php?rest_route=\/wp\/v2\/users\/35"}],"replies":[{"embeddable":true,"href":"https:\/\/archive.sana.sy\/es\/index.php?rest_route=%2Fwp%2Fv2%2Fcomments&post=147179"}],"version-history":[{"count":0,"href":"https:\/\/archive.sana.sy\/es\/index.php?rest_route=\/wp\/v2\/posts\/147179\/revisions"}],"wp:featuredmedia":[{"embeddable":true,"href":"https:\/\/archive.sana.sy\/es\/index.php?rest_route=\/wp\/v2\/media\/147180"}],"wp:attachment":[{"href":"https:\/\/archive.sana.sy\/es\/index.php?rest_route=%2Fwp%2Fv2%2Fmedia&parent=147179"}],"wp:term":[{"taxonomy":"category","embeddable":true,"href":"https:\/\/archive.sana.sy\/es\/index.php?rest_route=%2Fwp%2Fv2%2Fcategories&post=147179"},{"taxonomy":"post_tag","embeddable":true,"href":"https:\/\/archive.sana.sy\/es\/index.php?rest_route=%2Fwp%2Fv2%2Ftags&post=147179"}],"curies":[{"name":"wp","href":"https:\/\/api.w.org\/{rel}","templated":true}]}}