{"id":147183,"date":"2020-07-22T11:31:35","date_gmt":"2020-07-22T08:31:35","guid":{"rendered":"http:\/\/sana.sy\/es\/?p=147183"},"modified":"2020-07-22T11:31:58","modified_gmt":"2020-07-22T08:31:58","slug":"condenas-arabes-a-los-ataques-israelies-contra-siria","status":"publish","type":"post","link":"https:\/\/archive.sana.sy\/es\/?p=147183","title":{"rendered":"Condenas \u00e1rabes a los ataques israel\u00edes contra Siria"},"content":{"rendered":"<p style=\"text-align: justify;\"><span style=\"color: #800000;\"><strong>Capitales, SANA<\/strong> <\/span><\/p>\n<p style=\"text-align: justify;\">El Secretario General del Partido Progresista \u00c1rabe \u201cBaath\u201d en Jordania, Fouad Dabour, conden\u00f3 la agresi\u00f3n israel\u00ed lanzada la v\u00edspera contra el territorio sirio .<\/p>\n<p style=\"text-align: justify;\">\u201cEsta repetida agresi\u00f3n se debe a los continuos logros del ej\u00e9rcito sirio y sus aliados y sus victorias contra las pandillas terroristas vinculadas a la entidad israel\u00ed, Estados Unidos y sus colaboradores\u201d, dijo Dabour en un comunicado.<\/p>\n<p style=\"text-align: justify;\">Por su parte, el jefe del Movimiento \u201cGrito de Patria\u201d en El L\u00edbano, Yihad Zebian, denunci\u00f3 esos actos criminales que son solo intentos fallidos de desviar la atenci\u00f3n de los logros que alcanz\u00f3 Siria en varios campos.<\/p>\n<p style=\"text-align: justify;\">Las defensas antia\u00e9reas sirias repelieron la v\u00edspera una agresi\u00f3n israel\u00ed y derribaron a varios misiles en el cielo de Damasco.<\/p>\n<p style=\"text-align: justify;\"><span style=\"color: #0000ff;\"><strong>W.S\/F.M<\/strong><\/span><\/p>\n","protected":false},"excerpt":{"rendered":"<p>Capitales, SANA El Secretario General del Partido Progresista \u00c1rabe \u201cBaath\u201d en Jordania, Fouad Dabour, conden\u00f3 la agresi\u00f3n israel\u00ed lanzada la v\u00edspera contra el territorio sirio . \u201cEsta repetida agresi\u00f3n se debe a los continuos logros del ej\u00e9rcito sirio y sus aliados y sus victorias contra las pandillas terroristas vinculadas a la entidad israel\u00ed, Estados Unidos &hellip;<\/p>\n","protected":false},"author":35,"featured_media":147184,"comment_status":"closed","ping_status":"closed","sticky":false,"template":"","format":"standard","meta":{"footnotes":""},"categories":[597,467,7541],"tags":[],"class_list":["post-147183","post","type-post","status-publish","format-standard","has-post-thumbnail","","category-cinta-de-noticias","category-siria-y-el-mundo","category-ultimas-noticias"],"_links":{"self":[{"href":"https:\/\/archive.sana.sy\/es\/index.php?rest_route=\/wp\/v2\/posts\/147183"}],"collection":[{"href":"https:\/\/archive.sana.sy\/es\/index.php?rest_route=\/wp\/v2\/posts"}],"about":[{"href":"https:\/\/archive.sana.sy\/es\/index.php?rest_route=\/wp\/v2\/types\/post"}],"author":[{"embeddable":true,"href":"https:\/\/archive.sana.sy\/es\/index.php?rest_route=\/wp\/v2\/users\/35"}],"replies":[{"embeddable":true,"href":"https:\/\/archive.sana.sy\/es\/index.php?rest_route=%2Fwp%2Fv2%2Fcomments&post=147183"}],"version-history":[{"count":0,"href":"https:\/\/archive.sana.sy\/es\/index.php?rest_route=\/wp\/v2\/posts\/147183\/revisions"}],"wp:featuredmedia":[{"embeddable":true,"href":"https:\/\/archive.sana.sy\/es\/index.php?rest_route=\/wp\/v2\/media\/147184"}],"wp:attachment":[{"href":"https:\/\/archive.sana.sy\/es\/index.php?rest_route=%2Fwp%2Fv2%2Fmedia&parent=147183"}],"wp:term":[{"taxonomy":"category","embeddable":true,"href":"https:\/\/archive.sana.sy\/es\/index.php?rest_route=%2Fwp%2Fv2%2Fcategories&post=147183"},{"taxonomy":"post_tag","embeddable":true,"href":"https:\/\/archive.sana.sy\/es\/index.php?rest_route=%2Fwp%2Fv2%2Ftags&post=147183"}],"curies":[{"name":"wp","href":"https:\/\/api.w.org\/{rel}","templated":true}]}}