{"id":147237,"date":"2020-07-22T20:40:15","date_gmt":"2020-07-22T17:40:15","guid":{"rendered":"http:\/\/sana.sy\/es\/?p=147237"},"modified":"2023-01-10T14:32:22","modified_gmt":"2023-01-10T12:32:22","slug":"asciende-561-cifra-de-casos-activos-de-covid-19-en-siria","status":"publish","type":"post","link":"https:\/\/archive.sana.sy\/es\/?p=147237","title":{"rendered":"Con 21 nuevos casos en las \u00faltimas horas, asciende a 561 la cifra total de casos de Covid-19 en Siria"},"content":{"rendered":"<p style=\"text-align: justify;\"><span style=\"color: #800000;\">Damasco, SANA<\/span><\/p>\n<p style=\"text-align: justify;\">Siria confirm\u00f3 21 nuevos casos positivos de Covid-19 para un acumulado de 561 a nivel nacional, inform\u00f3 una nota emitida este mi\u00e9rcoles por del Ministerio de Salud.<\/p>\n<p style=\"text-align: justify;\">Agreg\u00f3 que cinco enfermos por el nuevo Coronavirus fueron dados de alta m\u00e9dica tras curarse de esa enfermedad, lo que ubica en 165 la cifra de recuperados.<\/p>\n<p style=\"text-align: justify;\">Seg\u00fan la nota, un paciente falleci\u00f3 lo que eleva a 32 la cifra de v\u00edctimas mortales de esa pandemia en Siria.<\/p>\n<p style=\"text-align: justify;\">L.A.\/F.M.<\/p>\n","protected":false},"excerpt":{"rendered":"<p>Damasco, SANA Siria confirm\u00f3 21 nuevos casos positivos de Covid-19 para un acumulado de 561 a nivel nacional, inform\u00f3 una nota emitida este mi\u00e9rcoles por del Ministerio de Salud. Agreg\u00f3 que cinco enfermos por el nuevo Coronavirus fueron dados de alta m\u00e9dica tras curarse de esa enfermedad, lo que ubica en 165 la cifra de &hellip;<\/p>\n","protected":false},"author":24,"featured_media":147238,"comment_status":"closed","ping_status":"closed","sticky":false,"template":"","format":"standard","meta":{"footnotes":""},"categories":[447,597,476,7541],"tags":[],"class_list":["post-147237","post","type-post","status-publish","format-standard","has-post-thumbnail","","category-local-politica","category-cinta-de-noticias","category-locales","category-ultimas-noticias"],"_links":{"self":[{"href":"https:\/\/archive.sana.sy\/es\/index.php?rest_route=\/wp\/v2\/posts\/147237"}],"collection":[{"href":"https:\/\/archive.sana.sy\/es\/index.php?rest_route=\/wp\/v2\/posts"}],"about":[{"href":"https:\/\/archive.sana.sy\/es\/index.php?rest_route=\/wp\/v2\/types\/post"}],"author":[{"embeddable":true,"href":"https:\/\/archive.sana.sy\/es\/index.php?rest_route=\/wp\/v2\/users\/24"}],"replies":[{"embeddable":true,"href":"https:\/\/archive.sana.sy\/es\/index.php?rest_route=%2Fwp%2Fv2%2Fcomments&post=147237"}],"version-history":[{"count":0,"href":"https:\/\/archive.sana.sy\/es\/index.php?rest_route=\/wp\/v2\/posts\/147237\/revisions"}],"wp:featuredmedia":[{"embeddable":true,"href":"https:\/\/archive.sana.sy\/es\/index.php?rest_route=\/wp\/v2\/media\/147238"}],"wp:attachment":[{"href":"https:\/\/archive.sana.sy\/es\/index.php?rest_route=%2Fwp%2Fv2%2Fmedia&parent=147237"}],"wp:term":[{"taxonomy":"category","embeddable":true,"href":"https:\/\/archive.sana.sy\/es\/index.php?rest_route=%2Fwp%2Fv2%2Fcategories&post=147237"},{"taxonomy":"post_tag","embeddable":true,"href":"https:\/\/archive.sana.sy\/es\/index.php?rest_route=%2Fwp%2Fv2%2Ftags&post=147237"}],"curies":[{"name":"wp","href":"https:\/\/api.w.org\/{rel}","templated":true}]}}