{"id":147244,"date":"2020-07-22T20:55:39","date_gmt":"2020-07-22T17:55:39","guid":{"rendered":"http:\/\/sana.sy\/es\/?p=147244"},"modified":"2023-01-10T14:32:21","modified_gmt":"2023-01-10T12:32:21","slug":"milicia-de-las-fds-retoman-el-control-de-una-parte-de-la-central-telefonica-de-safia-al-norte-de-hasakeh","status":"publish","type":"post","link":"https:\/\/archive.sana.sy\/es\/?p=147244","title":{"rendered":"Milicia FDS vuelve a ocupar una parte de la central telef\u00f3nica de Safia al norte de Hasakeh"},"content":{"rendered":"<p style=\"text-align: justify;\"><span style=\"color: #800000;\">Hasakeh, SANA<\/span><\/p>\n<p style=\"text-align: justify;\">La autodenominada milicia Fuerzas Democr\u00e1ticas Siria (FDS) que recibe apoyo del ocupante estadounidense, se apoder\u00f3 nuevamente de una parte del edificio de la central telef\u00f3nica de una localidad en el norte de la provincia de Hasakeh, 595 km al nordeste de la capital.<\/p>\n<p style=\"text-align: justify;\">En una declaraci\u00f3n a SANA, el director de la sucursal de la Compa\u00f1\u00eda Siria de Telecomunicaciones, Yamil Bilal, confirm\u00f3 que los armados de FDS volvieron a ocupar una parte del edificio de la central telef\u00f3nica de Safia ubicada a 13 km al norte de la ciudad de Hasakeh, lo que provoc\u00f3 la interrupci\u00f3n de los servicios telef\u00f3nicos en dicha zona.<\/p>\n<p style=\"text-align: justify;\">El 12 del mes en curso, la milicia tom\u00f3 por la fuerza la referida central, cortando los servicios telef\u00f3nicos a 880 ciudadanos.<\/p>\n<p style=\"text-align: justify;\">Como reacci\u00f3n, los empleados de la central organizaron una sentada y actos de protesta, y lograron luego sacar los armados del edificio.<\/p>\n<p>L.A.\/F.M.<\/p>\n","protected":false},"excerpt":{"rendered":"<p>Hasakeh, SANA La autodenominada milicia Fuerzas Democr\u00e1ticas Siria (FDS) que recibe apoyo del ocupante estadounidense, se apoder\u00f3 nuevamente de una parte del edificio de la central telef\u00f3nica de una localidad en el norte de la provincia de Hasakeh, 595 km al nordeste de la capital. En una declaraci\u00f3n a SANA, el director de la sucursal &hellip;<\/p>\n","protected":false},"author":24,"featured_media":147245,"comment_status":"closed","ping_status":"closed","sticky":false,"template":"","format":"standard","meta":{"footnotes":""},"categories":[447,597,573,7541],"tags":[],"class_list":["post-147244","post","type-post","status-publish","format-standard","has-post-thumbnail","","category-local-politica","category-cinta-de-noticias","category-la-realidad-de-los-acontecimientos-en-siria","category-ultimas-noticias"],"_links":{"self":[{"href":"https:\/\/archive.sana.sy\/es\/index.php?rest_route=\/wp\/v2\/posts\/147244"}],"collection":[{"href":"https:\/\/archive.sana.sy\/es\/index.php?rest_route=\/wp\/v2\/posts"}],"about":[{"href":"https:\/\/archive.sana.sy\/es\/index.php?rest_route=\/wp\/v2\/types\/post"}],"author":[{"embeddable":true,"href":"https:\/\/archive.sana.sy\/es\/index.php?rest_route=\/wp\/v2\/users\/24"}],"replies":[{"embeddable":true,"href":"https:\/\/archive.sana.sy\/es\/index.php?rest_route=%2Fwp%2Fv2%2Fcomments&post=147244"}],"version-history":[{"count":0,"href":"https:\/\/archive.sana.sy\/es\/index.php?rest_route=\/wp\/v2\/posts\/147244\/revisions"}],"wp:featuredmedia":[{"embeddable":true,"href":"https:\/\/archive.sana.sy\/es\/index.php?rest_route=\/wp\/v2\/media\/147245"}],"wp:attachment":[{"href":"https:\/\/archive.sana.sy\/es\/index.php?rest_route=%2Fwp%2Fv2%2Fmedia&parent=147244"}],"wp:term":[{"taxonomy":"category","embeddable":true,"href":"https:\/\/archive.sana.sy\/es\/index.php?rest_route=%2Fwp%2Fv2%2Fcategories&post=147244"},{"taxonomy":"post_tag","embeddable":true,"href":"https:\/\/archive.sana.sy\/es\/index.php?rest_route=%2Fwp%2Fv2%2Ftags&post=147244"}],"curies":[{"name":"wp","href":"https:\/\/api.w.org\/{rel}","templated":true}]}}