{"id":147302,"date":"2020-07-22T21:00:02","date_gmt":"2020-07-22T18:00:02","guid":{"rendered":"http:\/\/sana.sy\/es\/?p=147302"},"modified":"2023-01-12T14:43:48","modified_gmt":"2023-01-12T12:43:48","slug":"derriban-un-avion-no-tripulado-de-turquia-al-oeste-de-sirte-libia","status":"publish","type":"post","link":"https:\/\/archive.sana.sy\/es\/?p=147302","title":{"rendered":"Derriban un avi\u00f3n no tripulado de Turqu\u00eda al oeste de Sirte, Libia"},"content":{"rendered":"<p style=\"text-align: justify;\"><span style=\"color: #800000;\"><strong>Tr\u00edpoli, SANA<\/strong><\/span><\/p>\n<p style=\"text-align: justify;\">El Ej\u00e9rcito Nacional de Libia, comandado por el mariscal Khalifa Haftar, anunci\u00f3 que sus defensas antia\u00e9reas derribaron un avi\u00f3n no tripulado del r\u00e9gimen turco, en la ciudad de Sirte.<\/p>\n<p style=\"text-align: justify;\">\u201cLa aeronave se despeg\u00f3 desde una las bases turcas en Misurata y se dirigi\u00f3 hacia la ciudad de Sirte para atacar posiciones del ej\u00e9rcito libio, y los medios de defensa antia\u00e9rea derribaron el avi\u00f3n en la costa occidental Sirte\u201d, informaron oficiales libios.<\/p>\n<p style=\"text-align: justify;\">El r\u00e9gimen turco persiste en sus planes de reforzar su intervenci\u00f3n en Libia al enviar fuerzas y mercenarios, en el marco de sus ambiciones de saquear las riquezas de este pa\u00eds y ampliar su influencia en la regi\u00f3n.<\/p>\n<p style=\"text-align: justify;\"><span style=\"color: #0000ff;\">F.M<\/span><\/p>\n","protected":false},"excerpt":{"rendered":"<p>Tr\u00edpoli, SANA El Ej\u00e9rcito Nacional de Libia, comandado por el mariscal Khalifa Haftar, anunci\u00f3 que sus defensas antia\u00e9reas derribaron un avi\u00f3n no tripulado del r\u00e9gimen turco, en la ciudad de Sirte. \u201cLa aeronave se despeg\u00f3 desde una las bases turcas en Misurata y se dirigi\u00f3 hacia la ciudad de Sirte para atacar posiciones del ej\u00e9rcito &hellip;<\/p>\n","protected":false},"author":34,"featured_media":147322,"comment_status":"closed","ping_status":"closed","sticky":false,"template":"","format":"standard","meta":{"footnotes":""},"categories":[597,456,7541],"tags":[],"class_list":["post-147302","post","type-post","status-publish","format-standard","has-post-thumbnail","","category-cinta-de-noticias","category-arabe-internacional-politica","category-ultimas-noticias"],"_links":{"self":[{"href":"https:\/\/archive.sana.sy\/es\/index.php?rest_route=\/wp\/v2\/posts\/147302"}],"collection":[{"href":"https:\/\/archive.sana.sy\/es\/index.php?rest_route=\/wp\/v2\/posts"}],"about":[{"href":"https:\/\/archive.sana.sy\/es\/index.php?rest_route=\/wp\/v2\/types\/post"}],"author":[{"embeddable":true,"href":"https:\/\/archive.sana.sy\/es\/index.php?rest_route=\/wp\/v2\/users\/34"}],"replies":[{"embeddable":true,"href":"https:\/\/archive.sana.sy\/es\/index.php?rest_route=%2Fwp%2Fv2%2Fcomments&post=147302"}],"version-history":[{"count":0,"href":"https:\/\/archive.sana.sy\/es\/index.php?rest_route=\/wp\/v2\/posts\/147302\/revisions"}],"wp:featuredmedia":[{"embeddable":true,"href":"https:\/\/archive.sana.sy\/es\/index.php?rest_route=\/wp\/v2\/media\/147322"}],"wp:attachment":[{"href":"https:\/\/archive.sana.sy\/es\/index.php?rest_route=%2Fwp%2Fv2%2Fmedia&parent=147302"}],"wp:term":[{"taxonomy":"category","embeddable":true,"href":"https:\/\/archive.sana.sy\/es\/index.php?rest_route=%2Fwp%2Fv2%2Fcategories&post=147302"},{"taxonomy":"post_tag","embeddable":true,"href":"https:\/\/archive.sana.sy\/es\/index.php?rest_route=%2Fwp%2Fv2%2Ftags&post=147302"}],"curies":[{"name":"wp","href":"https:\/\/api.w.org\/{rel}","templated":true}]}}