{"id":14748,"date":"2014-12-21T20:47:06","date_gmt":"2014-12-21T18:47:06","guid":{"rendered":"http:\/\/sana.sy\/es\/?p=14748"},"modified":"2014-12-21T20:48:10","modified_gmt":"2014-12-21T18:48:10","slug":"lanzadas-las-actividades-de-la-conferencia-anual-del-ministerio-de-awqaf-en-damasco","status":"publish","type":"post","link":"https:\/\/archive.sana.sy\/es\/?p=14748","title":{"rendered":"Lanzadas las actividades de la Conferencia Anual del Ministerio de Awqaf en Damasco"},"content":{"rendered":"<p>Damasco-SANA<\/p>\n<p>El Ministerio de Asuntos Religiosos ha celebrado este domingo en la Mezquita de Al-Othman en Damasco su conferencia general anual bajo el t\u00edtulo &#8220;la ideolog\u00eda de la crisis de cara a la ideolog\u00eda de la sedici\u00f3n\u2026 El sistema \u00e9tico para consagrar los valores morales y el patriotismo\u2026.nuestra religi\u00f3n es una religi\u00f3n de tolerancia y no es una religi\u00f3n de ideas takfir\u00edes, es una religi\u00f3n de construcci\u00f3n y de morales y no de extremismo y agresi\u00f3n&#8221;.<\/p>\n<p>Durante la conferencia, el ministro de Dotaciones Mohammad Abdel-Sattar al Sayyed dijo que la religi\u00f3n nos ha ense\u00f1ado a pensar y construir, y no a excluir a otros, destruir y asesinar.<\/p>\n<p>Mientras que el Gran Muft\u00ed de la Rep\u00fablica Ahmad Badreddin Hassoun dijo que Siria fue la cuna de los mensajes celestiales y de aqu\u00ed nacieron el Islam y el cristianismo para difundir sus principios por todo el mundo.<\/p>\n<p>A su vez el patriarca griego ortodoxo de Antioqu\u00eda y todo Oriente John X Yazigi dijo que la religi\u00f3n es algo m\u00e1s que las pr\u00e1cticas, afirmando que los cristianos de Siria se quedar\u00e1n en Siria junto con todos los dem\u00e1s componentes de la sociedad siria.<br \/>\nPor su parte, el griego melquita cat\u00f3lico Patriarca de Antioqu\u00eda y todo Oriente Gregarios III Laham, dijo que los sirios siempre seguir\u00e1n siendo una sola familia.<\/p>\n<p>A su vez, el Patriarca sir\u00edaco Ortodoxo de Antioqu\u00eda y todo Oriente Mar Ignacio Afram II Karim afirm\u00f3 que los sirios fueron una fuente de inspiraci\u00f3n para la civilizaci\u00f3n humana, y que s\u00f3lo el pensamiento ilustrado se puede salir de la crisis en Siria.<\/p>\n<p>La conferencia de dos d\u00edas discutir\u00e1 los medios de reforzar la mentalidad religiosa moderada y libre de la distorsi\u00f3n y el extremismo, la lucha contra muchos otros aspectos relacionados con la educaci\u00f3n religiosa, el discurso religioso en los medios de comunicaci\u00f3n, y la reparaci\u00f3n de los lugares de culto da\u00f1ado durante la crisis.<br \/>\nYamil K.-Riyad Sh.<\/p>\n","protected":false},"excerpt":{"rendered":"<p>Damasco-SANA El Ministerio de Asuntos Religiosos ha celebrado este domingo en la Mezquita de Al-Othman en Damasco su conferencia general anual bajo el t\u00edtulo &#8220;la ideolog\u00eda de la crisis de cara a la ideolog\u00eda de la sedici\u00f3n\u2026 El sistema \u00e9tico para consagrar los valores morales y el patriotismo\u2026.nuestra religi\u00f3n es una religi\u00f3n de tolerancia y &hellip;<\/p>\n","protected":false},"author":1,"featured_media":14750,"comment_status":"closed","ping_status":"closed","sticky":false,"template":"","format":"standard","meta":{"footnotes":""},"categories":[477,476],"tags":[],"class_list":["post-14748","post","type-post","status-publish","format-standard","has-post-thumbnail","","category-noticias-edulcorantes","category-locales"],"_links":{"self":[{"href":"https:\/\/archive.sana.sy\/es\/index.php?rest_route=\/wp\/v2\/posts\/14748"}],"collection":[{"href":"https:\/\/archive.sana.sy\/es\/index.php?rest_route=\/wp\/v2\/posts"}],"about":[{"href":"https:\/\/archive.sana.sy\/es\/index.php?rest_route=\/wp\/v2\/types\/post"}],"author":[{"embeddable":true,"href":"https:\/\/archive.sana.sy\/es\/index.php?rest_route=\/wp\/v2\/users\/1"}],"replies":[{"embeddable":true,"href":"https:\/\/archive.sana.sy\/es\/index.php?rest_route=%2Fwp%2Fv2%2Fcomments&post=14748"}],"version-history":[{"count":0,"href":"https:\/\/archive.sana.sy\/es\/index.php?rest_route=\/wp\/v2\/posts\/14748\/revisions"}],"wp:featuredmedia":[{"embeddable":true,"href":"https:\/\/archive.sana.sy\/es\/index.php?rest_route=\/wp\/v2\/media\/14750"}],"wp:attachment":[{"href":"https:\/\/archive.sana.sy\/es\/index.php?rest_route=%2Fwp%2Fv2%2Fmedia&parent=14748"}],"wp:term":[{"taxonomy":"category","embeddable":true,"href":"https:\/\/archive.sana.sy\/es\/index.php?rest_route=%2Fwp%2Fv2%2Fcategories&post=14748"},{"taxonomy":"post_tag","embeddable":true,"href":"https:\/\/archive.sana.sy\/es\/index.php?rest_route=%2Fwp%2Fv2%2Ftags&post=14748"}],"curies":[{"name":"wp","href":"https:\/\/api.w.org\/{rel}","templated":true}]}}