{"id":14753,"date":"2014-12-21T21:17:50","date_gmt":"2014-12-21T19:17:50","guid":{"rendered":"http:\/\/sana.sy\/es\/?p=14753"},"modified":"2014-12-21T21:20:57","modified_gmt":"2014-12-21T19:20:57","slug":"al-moallem-la-necesidad-de-continuar-los-esfuerzos-conjuntos-para-encontrar-una-solucion-politica-a-la-crisis-de-siria","status":"publish","type":"post","link":"https:\/\/archive.sana.sy\/es\/?p=14753","title":{"rendered":"Al-Moallem: La necesidad de continuar realizando esfuerzos conjuntos para encontrar una soluci\u00f3n pol\u00edtica a la crisis de Siria"},"content":{"rendered":"<p>Damasco-SANA<\/p>\n<p>El Ministro de Exteriores y Expatriados Walid Al-Moallem se reuni\u00f3 con el presidente del Consejo de la Shura iran\u00ed Ali Lariyani.<\/p>\n<p>Las conversaciones entre ambos funcionarios se centraron en las relaciones bilaterales y en la necesidad de seguir coordinando y cooperando para hacer frente al terrorismo que azota a Siria y la regi\u00f3n.<\/p>\n<p>Al-Moallem agradeci\u00f3 al pueblo y dirigencia iran\u00ed por su respaldo a Siria, subrayando la necesidad de continuar realizando esfuerzos conjuntos para encontrar una soluci\u00f3n pol\u00edtica a la crisis de Siria en base del dialogo entre los sirios y sin injerencia externa.<\/p>\n<p>A su vez, Lariyani dijo que Ir\u00e1n seguir\u00e1 apoyando a Siria y destac\u00f3 el respaldo del pueblo y dirigencia iran\u00ed al pueblo sirio frente al terrorismo.<\/p>\n<p>Yamil K.<\/p>\n","protected":false},"excerpt":{"rendered":"<p>Damasco-SANA El Ministro de Exteriores y Expatriados Walid Al-Moallem se reuni\u00f3 con el presidente del Consejo de la Shura iran\u00ed Ali Lariyani. Las conversaciones entre ambos funcionarios se centraron en las relaciones bilaterales y en la necesidad de seguir coordinando y cooperando para hacer frente al terrorismo que azota a Siria y la regi\u00f3n. Al-Moallem &hellip;<\/p>\n","protected":false},"author":1,"featured_media":14756,"comment_status":"closed","ping_status":"closed","sticky":false,"template":"","format":"standard","meta":{"footnotes":""},"categories":[477,476,576],"tags":[],"class_list":["post-14753","post","type-post","status-publish","format-standard","has-post-thumbnail","","category-noticias-edulcorantes","category-locales","category-noticias-politicas"],"_links":{"self":[{"href":"https:\/\/archive.sana.sy\/es\/index.php?rest_route=\/wp\/v2\/posts\/14753"}],"collection":[{"href":"https:\/\/archive.sana.sy\/es\/index.php?rest_route=\/wp\/v2\/posts"}],"about":[{"href":"https:\/\/archive.sana.sy\/es\/index.php?rest_route=\/wp\/v2\/types\/post"}],"author":[{"embeddable":true,"href":"https:\/\/archive.sana.sy\/es\/index.php?rest_route=\/wp\/v2\/users\/1"}],"replies":[{"embeddable":true,"href":"https:\/\/archive.sana.sy\/es\/index.php?rest_route=%2Fwp%2Fv2%2Fcomments&post=14753"}],"version-history":[{"count":0,"href":"https:\/\/archive.sana.sy\/es\/index.php?rest_route=\/wp\/v2\/posts\/14753\/revisions"}],"wp:featuredmedia":[{"embeddable":true,"href":"https:\/\/archive.sana.sy\/es\/index.php?rest_route=\/wp\/v2\/media\/14756"}],"wp:attachment":[{"href":"https:\/\/archive.sana.sy\/es\/index.php?rest_route=%2Fwp%2Fv2%2Fmedia&parent=14753"}],"wp:term":[{"taxonomy":"category","embeddable":true,"href":"https:\/\/archive.sana.sy\/es\/index.php?rest_route=%2Fwp%2Fv2%2Fcategories&post=14753"},{"taxonomy":"post_tag","embeddable":true,"href":"https:\/\/archive.sana.sy\/es\/index.php?rest_route=%2Fwp%2Fv2%2Ftags&post=14753"}],"curies":[{"name":"wp","href":"https:\/\/api.w.org\/{rel}","templated":true}]}}