{"id":14760,"date":"2014-12-22T13:20:15","date_gmt":"2014-12-22T11:20:15","guid":{"rendered":"http:\/\/sana.sy\/es\/?p=14760"},"modified":"2014-12-23T10:56:45","modified_gmt":"2014-12-23T08:56:45","slug":"ejercito-sirio-derribo-un-avion-no-tripulado-israeli","status":"publish","type":"post","link":"https:\/\/archive.sana.sy\/es\/?p=14760","title":{"rendered":"Ej\u00e9rcito sirio derriba un avi\u00f3n no tripulado israel\u00ed"},"content":{"rendered":"<p>Damasco, SANA<br \/>\nUna fuente militar siria revel\u00f3 ayer el\u00a0domingo que el ej\u00e9rcito sirio derrib\u00f3 un avi\u00f3n no tripulado israel\u00ed que sobrevolaba la provincia de Quneitra.<\/p>\n<p>La fuente dijo que el UAV Skylark 1, fue derribado cerca de la aldea de al-Hadar en Quneitra.<\/p>\n<p>El drone fabricado por la empresa electr\u00f3nica israel\u00ed Elbit, tiene 200 cm de largo y 312 cm de ancho,\u00a0as\u00ed como\u00a0un rango de vuelo de 20 km.<\/p>\n<p>&nbsp;<\/p>\n<div id='gallery-1' class='gallery galleryid-14760 gallery-columns-3 gallery-size-thumbnail'><figure class='gallery-item'>\n\t\t\t<div class='gallery-icon portrait'>\n\t\t\t\t<a href='https:\/\/archive.sana.sy\/es\/wp-content\/uploads\/2014\/12\/drone-2.jpg'><img loading=\"lazy\" decoding=\"async\" width=\"137\" height=\"150\" src=\"https:\/\/archive.sana.sy\/es\/wp-content\/uploads\/2014\/12\/drone-2-137x150.jpg\" class=\"attachment-thumbnail size-thumbnail\" alt=\"\" srcset=\"https:\/\/archive.sana.sy\/es\/wp-content\/uploads\/2014\/12\/drone-2-137x150.jpg 137w, https:\/\/archive.sana.sy\/es\/wp-content\/uploads\/2014\/12\/drone-2-274x300.jpg 274w, https:\/\/archive.sana.sy\/es\/wp-content\/uploads\/2014\/12\/drone-2-935x1024.jpg 935w\" sizes=\"(max-width: 137px) 100vw, 137px\" \/><\/a>\n\t\t\t<\/div><\/figure><figure class='gallery-item'>\n\t\t\t<div class='gallery-icon landscape'>\n\t\t\t\t<a href='https:\/\/archive.sana.sy\/es\/wp-content\/uploads\/2014\/12\/drone-3.jpg'><img loading=\"lazy\" decoding=\"async\" width=\"150\" height=\"103\" src=\"https:\/\/archive.sana.sy\/es\/wp-content\/uploads\/2014\/12\/drone-3-150x103.jpg\" class=\"attachment-thumbnail size-thumbnail\" alt=\"\" srcset=\"https:\/\/archive.sana.sy\/es\/wp-content\/uploads\/2014\/12\/drone-3-150x103.jpg 150w, https:\/\/archive.sana.sy\/es\/wp-content\/uploads\/2014\/12\/drone-3-300x206.jpg 300w, https:\/\/archive.sana.sy\/es\/wp-content\/uploads\/2014\/12\/drone-3-1024x703.jpg 1024w\" sizes=\"(max-width: 150px) 100vw, 150px\" \/><\/a>\n\t\t\t<\/div><\/figure><figure class='gallery-item'>\n\t\t\t<div class='gallery-icon landscape'>\n\t\t\t\t<a href='https:\/\/archive.sana.sy\/es\/wp-content\/uploads\/2014\/12\/drone-1.jpg'><img loading=\"lazy\" decoding=\"async\" width=\"150\" height=\"87\" src=\"https:\/\/archive.sana.sy\/es\/wp-content\/uploads\/2014\/12\/drone-1-150x87.jpg\" class=\"attachment-thumbnail size-thumbnail\" alt=\"\" srcset=\"https:\/\/archive.sana.sy\/es\/wp-content\/uploads\/2014\/12\/drone-1-150x87.jpg 150w, https:\/\/archive.sana.sy\/es\/wp-content\/uploads\/2014\/12\/drone-1-300x175.jpg 300w, https:\/\/archive.sana.sy\/es\/wp-content\/uploads\/2014\/12\/drone-1-1024x596.jpg 1024w\" sizes=\"(max-width: 150px) 100vw, 150px\" \/><\/a>\n\t\t\t<\/div><\/figure>\n\t\t<\/div>\n\n<p>Lynn A.<\/p>\n","protected":false},"excerpt":{"rendered":"<p>Damasco, SANA Una fuente militar siria revel\u00f3 ayer el\u00a0domingo que el ej\u00e9rcito sirio derrib\u00f3 un avi\u00f3n no tripulado israel\u00ed que sobrevolaba la provincia de Quneitra. La fuente dijo que el UAV Skylark 1, fue derribado cerca de la aldea de al-Hadar en Quneitra. El drone fabricado por la empresa electr\u00f3nica israel\u00ed Elbit, tiene 200 cm &hellip;<\/p>\n","protected":false},"author":24,"featured_media":14761,"comment_status":"closed","ping_status":"closed","sticky":false,"template":"","format":"standard","meta":{"footnotes":""},"categories":[477,573,476],"tags":[3363],"class_list":["post-14760","post","type-post","status-publish","format-standard","has-post-thumbnail","","category-noticias-edulcorantes","category-la-realidad-de-los-acontecimientos-en-siria","category-locales","tag-ejercito-sirio-derribo-un-avion-no-tripulado-israeli"],"_links":{"self":[{"href":"https:\/\/archive.sana.sy\/es\/index.php?rest_route=\/wp\/v2\/posts\/14760"}],"collection":[{"href":"https:\/\/archive.sana.sy\/es\/index.php?rest_route=\/wp\/v2\/posts"}],"about":[{"href":"https:\/\/archive.sana.sy\/es\/index.php?rest_route=\/wp\/v2\/types\/post"}],"author":[{"embeddable":true,"href":"https:\/\/archive.sana.sy\/es\/index.php?rest_route=\/wp\/v2\/users\/24"}],"replies":[{"embeddable":true,"href":"https:\/\/archive.sana.sy\/es\/index.php?rest_route=%2Fwp%2Fv2%2Fcomments&post=14760"}],"version-history":[{"count":0,"href":"https:\/\/archive.sana.sy\/es\/index.php?rest_route=\/wp\/v2\/posts\/14760\/revisions"}],"wp:featuredmedia":[{"embeddable":true,"href":"https:\/\/archive.sana.sy\/es\/index.php?rest_route=\/wp\/v2\/media\/14761"}],"wp:attachment":[{"href":"https:\/\/archive.sana.sy\/es\/index.php?rest_route=%2Fwp%2Fv2%2Fmedia&parent=14760"}],"wp:term":[{"taxonomy":"category","embeddable":true,"href":"https:\/\/archive.sana.sy\/es\/index.php?rest_route=%2Fwp%2Fv2%2Fcategories&post=14760"},{"taxonomy":"post_tag","embeddable":true,"href":"https:\/\/archive.sana.sy\/es\/index.php?rest_route=%2Fwp%2Fv2%2Ftags&post=14760"}],"curies":[{"name":"wp","href":"https:\/\/api.w.org\/{rel}","templated":true}]}}