{"id":147625,"date":"2020-07-26T11:40:52","date_gmt":"2020-07-26T08:40:52","guid":{"rendered":"http:\/\/sana.sy\/es\/?p=147625"},"modified":"2023-01-12T14:43:46","modified_gmt":"2023-01-12T12:43:46","slug":"ejercito-iraqui-comienza-operacion-antiterrorista-en-el-noreste-de-diyala","status":"publish","type":"post","link":"https:\/\/archive.sana.sy\/es\/?p=147625","title":{"rendered":"Ej\u00e9rcito iraqu\u00ed comienza operaci\u00f3n antiterrorista en el noreste de Diyala"},"content":{"rendered":"<p style=\"text-align: justify;\"><span style=\"color: #800000;\"><strong>Bagdad, SANA<\/strong><\/span><\/p>\n<p style=\"text-align: justify;\">Las fuerzas iraqu\u00edes lanzaron una operaci\u00f3n para perseguir a los remanentes de la organizaci\u00f3n terrorista &#8220;Daesh&#8221; en el noreste de la provincia de Diyala.<\/p>\n<p style=\"text-align: justify;\">La operaci\u00f3n seg\u00fan altos mandos iraqu\u00edes, incluye operaciones de \u00a0peinado y destrucci\u00f3n de los escondites del Daesh.<\/p>\n<p style=\"text-align: justify;\">Cabe resaltar que las fuerzas iraqu\u00edes contin\u00faan sus operaciones de persecuci\u00f3n y eliminaci\u00f3n de los remanentes del Daesh en diferentes \u00e1reas del pa\u00eds.<\/p>\n<p style=\"text-align: justify;\"><span style=\"color: #0000ff;\">F.M<\/span><\/p>\n","protected":false},"excerpt":{"rendered":"<p>Bagdad, SANA Las fuerzas iraqu\u00edes lanzaron una operaci\u00f3n para perseguir a los remanentes de la organizaci\u00f3n terrorista &#8220;Daesh&#8221; en el noreste de la provincia de Diyala. La operaci\u00f3n seg\u00fan altos mandos iraqu\u00edes, incluye operaciones de \u00a0peinado y destrucci\u00f3n de los escondites del Daesh. Cabe resaltar que las fuerzas iraqu\u00edes contin\u00faan sus operaciones de persecuci\u00f3n y &hellip;<\/p>\n","protected":false},"author":34,"featured_media":147626,"comment_status":"closed","ping_status":"closed","sticky":false,"template":"","format":"standard","meta":{"footnotes":""},"categories":[597,456],"tags":[],"class_list":["post-147625","post","type-post","status-publish","format-standard","has-post-thumbnail","","category-cinta-de-noticias","category-arabe-internacional-politica"],"_links":{"self":[{"href":"https:\/\/archive.sana.sy\/es\/index.php?rest_route=\/wp\/v2\/posts\/147625"}],"collection":[{"href":"https:\/\/archive.sana.sy\/es\/index.php?rest_route=\/wp\/v2\/posts"}],"about":[{"href":"https:\/\/archive.sana.sy\/es\/index.php?rest_route=\/wp\/v2\/types\/post"}],"author":[{"embeddable":true,"href":"https:\/\/archive.sana.sy\/es\/index.php?rest_route=\/wp\/v2\/users\/34"}],"replies":[{"embeddable":true,"href":"https:\/\/archive.sana.sy\/es\/index.php?rest_route=%2Fwp%2Fv2%2Fcomments&post=147625"}],"version-history":[{"count":0,"href":"https:\/\/archive.sana.sy\/es\/index.php?rest_route=\/wp\/v2\/posts\/147625\/revisions"}],"wp:featuredmedia":[{"embeddable":true,"href":"https:\/\/archive.sana.sy\/es\/index.php?rest_route=\/wp\/v2\/media\/147626"}],"wp:attachment":[{"href":"https:\/\/archive.sana.sy\/es\/index.php?rest_route=%2Fwp%2Fv2%2Fmedia&parent=147625"}],"wp:term":[{"taxonomy":"category","embeddable":true,"href":"https:\/\/archive.sana.sy\/es\/index.php?rest_route=%2Fwp%2Fv2%2Fcategories&post=147625"},{"taxonomy":"post_tag","embeddable":true,"href":"https:\/\/archive.sana.sy\/es\/index.php?rest_route=%2Fwp%2Fv2%2Ftags&post=147625"}],"curies":[{"name":"wp","href":"https:\/\/api.w.org\/{rel}","templated":true}]}}