{"id":147690,"date":"2020-07-26T18:54:56","date_gmt":"2020-07-26T15:54:56","guid":{"rendered":"http:\/\/sana.sy\/es\/?p=147690"},"modified":"2020-07-27T07:06:41","modified_gmt":"2020-07-27T04:06:41","slug":"olimpiada-cientifica-siria-cosecha-dos-medallas-de-bronce-en-fisica","status":"publish","type":"post","link":"https:\/\/archive.sana.sy\/es\/?p=147690","title":{"rendered":"Estudiantes sirios ganan dos medallas de bronce en Olimpiada Europea Internacional de F\u00edsica"},"content":{"rendered":"<p style=\"text-align: justify;\"><span style=\"color: #800000;\"><strong>Damasco, SANA<\/strong><\/span><\/p>\n<p style=\"text-align: justify;\">Los estudiantes de la Olimpiada Cient\u00edfica Siria obtuvieron dos medallas de bronce y dos certificados de reconocimiento en la Olimpiada Europea Internacional de F\u00edsica.<\/p>\n<p style=\"text-align: justify;\">La Agencia de Distinci\u00f3n y Creatividad comunic\u00f3 que los estudiantes Omar Burjani (doce grados) y Mohamed Abu Radan (onceno grados) lograron medallas de bronce, mientras que el estudiante Bashir Rifaei (doce grado) y el estudiante Abdallah Husni (onceno grado), obtuvieron certificados de reconocimientos.<\/p>\n<p style=\"text-align: justify;\">La Olimpiada Europea Internacional de F\u00edsica fue organizada por la Asociaci\u00f3n Internacional de F\u00edsica para los estudiantes preuniversitarios.<\/p>\n<p style=\"text-align: justify;\"><span style=\"color: #0000ff;\">Y.K\/F.M<\/span><\/p>\n","protected":false},"excerpt":{"rendered":"<p>Damasco, SANA Los estudiantes de la Olimpiada Cient\u00edfica Siria obtuvieron dos medallas de bronce y dos certificados de reconocimiento en la Olimpiada Europea Internacional de F\u00edsica. La Agencia de Distinci\u00f3n y Creatividad comunic\u00f3 que los estudiantes Omar Burjani (doce grados) y Mohamed Abu Radan (onceno grados) lograron medallas de bronce, mientras que el estudiante Bashir &hellip;<\/p>\n","protected":false},"author":1,"featured_media":147691,"comment_status":"closed","ping_status":"closed","sticky":false,"template":"","format":"standard","meta":{"footnotes":""},"categories":[597,467,7541],"tags":[],"class_list":["post-147690","post","type-post","status-publish","format-standard","has-post-thumbnail","","category-cinta-de-noticias","category-siria-y-el-mundo","category-ultimas-noticias"],"_links":{"self":[{"href":"https:\/\/archive.sana.sy\/es\/index.php?rest_route=\/wp\/v2\/posts\/147690"}],"collection":[{"href":"https:\/\/archive.sana.sy\/es\/index.php?rest_route=\/wp\/v2\/posts"}],"about":[{"href":"https:\/\/archive.sana.sy\/es\/index.php?rest_route=\/wp\/v2\/types\/post"}],"author":[{"embeddable":true,"href":"https:\/\/archive.sana.sy\/es\/index.php?rest_route=\/wp\/v2\/users\/1"}],"replies":[{"embeddable":true,"href":"https:\/\/archive.sana.sy\/es\/index.php?rest_route=%2Fwp%2Fv2%2Fcomments&post=147690"}],"version-history":[{"count":0,"href":"https:\/\/archive.sana.sy\/es\/index.php?rest_route=\/wp\/v2\/posts\/147690\/revisions"}],"wp:featuredmedia":[{"embeddable":true,"href":"https:\/\/archive.sana.sy\/es\/index.php?rest_route=\/wp\/v2\/media\/147691"}],"wp:attachment":[{"href":"https:\/\/archive.sana.sy\/es\/index.php?rest_route=%2Fwp%2Fv2%2Fmedia&parent=147690"}],"wp:term":[{"taxonomy":"category","embeddable":true,"href":"https:\/\/archive.sana.sy\/es\/index.php?rest_route=%2Fwp%2Fv2%2Fcategories&post=147690"},{"taxonomy":"post_tag","embeddable":true,"href":"https:\/\/archive.sana.sy\/es\/index.php?rest_route=%2Fwp%2Fv2%2Ftags&post=147690"}],"curies":[{"name":"wp","href":"https:\/\/api.w.org\/{rel}","templated":true}]}}