{"id":148067,"date":"2020-07-29T21:49:39","date_gmt":"2020-07-29T18:49:39","guid":{"rendered":"http:\/\/sana.sy\/es\/?p=148067"},"modified":"2023-01-12T14:43:43","modified_gmt":"2023-01-12T12:43:43","slug":"presidente-cubano-denuncia-injerencia-estadounidense-en-asuntos-de-venezuela","status":"publish","type":"post","link":"https:\/\/archive.sana.sy\/es\/?p=148067","title":{"rendered":"Presidente cubano denuncia injerencia estadounidense en asuntos de Venezuela"},"content":{"rendered":"<p><span style=\"color: #800000;\">La Habana, SANA<\/span><\/p>\n<p style=\"text-align: justify;\">El presidente cubano, Miguel D\u00edaz Canel, dijo que las intervenciones estadounidenses en los asuntos internos de Venezuela violan el Derecho Internacional.<\/p>\n<p style=\"text-align: justify;\">En su intervenci\u00f3n en la reuni\u00f3n virtual del Foro de Sao Paulo para Partidos y Organizaciones de Izquierda en Am\u00e9rica Latina que se celebra con motivo del trig\u00e9simo aniversario de su fundaci\u00f3n, el mandatario cubano reiter\u00f3 la solidaridad de su pa\u00eds con el pueblo venezolano y su presidente leg\u00edtimo, Nicol\u00e1s Maduro.<\/p>\n<p style=\"text-align: justify;\">&#8220;Quienes se encuentran actualmente en la Casa Blanca reviv\u00edan las pol\u00edticas intervencionistas, adem\u00e1s de lanzar amenazas de usar la fuerza y el acoso de l\u00edderes y organizaciones de izquierda y progresistas&#8221;, remarc\u00f3.<\/p>\n<p style=\"text-align: justify;\">En otra parte de sus declaraciones, el presidente de Cuba cuestion\u00f3 la forma en que los pa\u00edses capitalistas lidian con la pandemia de Covid-19, y explic\u00f3 que las experiencias &#8220;han demostrado que las armas m\u00e1s fuertes y sofisticadas no pueden poner fin a la pandemia y, por lo tanto, la naturaleza del capitalismo se vuelve m\u00e1s clara y aterradora cuando los funcionarios capitalistas permanecen incapaces ante el colapso de sus sistemas de salud&#8221;.<\/p>\n<p style=\"text-align: justify;\">El gobernante denunci\u00f3 los movimientos de estos pa\u00edses, especialmente Estados Unidos, que buscan salvar el mercado a expensas de la vida humana.<\/p>\n<p>&nbsp;<\/p>\n<p>M.M\/ F.M<\/p>\n","protected":false},"excerpt":{"rendered":"<p>La Habana, SANA El presidente cubano, Miguel D\u00edaz Canel, dijo que las intervenciones estadounidenses en los asuntos internos de Venezuela violan el Derecho Internacional. En su intervenci\u00f3n en la reuni\u00f3n virtual del Foro de Sao Paulo para Partidos y Organizaciones de Izquierda en Am\u00e9rica Latina que se celebra con motivo del trig\u00e9simo aniversario de su &hellip;<\/p>\n","protected":false},"author":36,"featured_media":148068,"comment_status":"closed","ping_status":"closed","sticky":false,"template":"","format":"standard","meta":{"footnotes":""},"categories":[597,456,457],"tags":[],"class_list":["post-148067","post","type-post","status-publish","format-standard","has-post-thumbnail","","category-cinta-de-noticias","category-arabe-internacional-politica","category-noticias-arabe-internacional-politica"],"_links":{"self":[{"href":"https:\/\/archive.sana.sy\/es\/index.php?rest_route=\/wp\/v2\/posts\/148067"}],"collection":[{"href":"https:\/\/archive.sana.sy\/es\/index.php?rest_route=\/wp\/v2\/posts"}],"about":[{"href":"https:\/\/archive.sana.sy\/es\/index.php?rest_route=\/wp\/v2\/types\/post"}],"author":[{"embeddable":true,"href":"https:\/\/archive.sana.sy\/es\/index.php?rest_route=\/wp\/v2\/users\/36"}],"replies":[{"embeddable":true,"href":"https:\/\/archive.sana.sy\/es\/index.php?rest_route=%2Fwp%2Fv2%2Fcomments&post=148067"}],"version-history":[{"count":0,"href":"https:\/\/archive.sana.sy\/es\/index.php?rest_route=\/wp\/v2\/posts\/148067\/revisions"}],"wp:featuredmedia":[{"embeddable":true,"href":"https:\/\/archive.sana.sy\/es\/index.php?rest_route=\/wp\/v2\/media\/148068"}],"wp:attachment":[{"href":"https:\/\/archive.sana.sy\/es\/index.php?rest_route=%2Fwp%2Fv2%2Fmedia&parent=148067"}],"wp:term":[{"taxonomy":"category","embeddable":true,"href":"https:\/\/archive.sana.sy\/es\/index.php?rest_route=%2Fwp%2Fv2%2Fcategories&post=148067"},{"taxonomy":"post_tag","embeddable":true,"href":"https:\/\/archive.sana.sy\/es\/index.php?rest_route=%2Fwp%2Fv2%2Ftags&post=148067"}],"curies":[{"name":"wp","href":"https:\/\/api.w.org\/{rel}","templated":true}]}}