{"id":148097,"date":"2020-07-30T13:25:26","date_gmt":"2020-07-30T10:25:26","guid":{"rendered":"http:\/\/sana.sy\/es\/?p=148097"},"modified":"2020-07-30T13:25:26","modified_gmt":"2020-07-30T10:25:26","slug":"el-ocupante-turco-bombardea-con-artilleria-la-localidad-de-tawileh-hasakeh","status":"publish","type":"post","link":"https:\/\/archive.sana.sy\/es\/?p=148097","title":{"rendered":"El ocupante turco bombardea con artiller\u00eda la localidad de Tawileh, Hasakeh"},"content":{"rendered":"<p style=\"text-align: justify;\"><strong><span style=\"color: #800000;\">Hasakeh, SANA<\/span><\/strong><\/p>\n<p style=\"text-align: justify;\">Las fuerzas de ocupaci\u00f3n turca perpetraron nuevas agresiones contra las zonas pobladas en las inmediaciones de la localidad de Tel Temer en el noroeste de la provincia de Hasakeh.<\/p>\n<p style=\"text-align: justify;\">Activistas civiles indicaron que varios proyectiles de artiller\u00eda disparados por las fuerzas turcas impactaron en los hogares de los civiles y las instalaciones de servicio en la referida localidad, lo que caus\u00f3 da\u00f1os materiales.<\/p>\n<p style=\"text-align: justify;\">El lunes \u00faltimo, una mujer result\u00f3 herida en un semejante bombardeo con proyectiles de artiller\u00eda y ametralladoras contra la localidad de Abu Raseen.<\/p>\n<p style=\"text-align: justify;\"><strong><span style=\"color: #0000ff;\">F.M\/ E.D<\/span><\/strong><\/p>\n","protected":false},"excerpt":{"rendered":"<p>Hasakeh, SANA Las fuerzas de ocupaci\u00f3n turca perpetraron nuevas agresiones contra las zonas pobladas en las inmediaciones de la localidad de Tel Temer en el noroeste de la provincia de Hasakeh. Activistas civiles indicaron que varios proyectiles de artiller\u00eda disparados por las fuerzas turcas impactaron en los hogares de los civiles y las instalaciones de &hellip;<\/p>\n","protected":false},"author":32,"featured_media":148098,"comment_status":"closed","ping_status":"closed","sticky":false,"template":"","format":"standard","meta":{"footnotes":""},"categories":[597,476,7541],"tags":[18136],"class_list":["post-148097","post","type-post","status-publish","format-standard","has-post-thumbnail","","category-cinta-de-noticias","category-locales","category-ultimas-noticias","tag-el-ocupante-turco-bombardea-con-artilleria-la-localidad-de-tawileh-hasakeh"],"_links":{"self":[{"href":"https:\/\/archive.sana.sy\/es\/index.php?rest_route=\/wp\/v2\/posts\/148097"}],"collection":[{"href":"https:\/\/archive.sana.sy\/es\/index.php?rest_route=\/wp\/v2\/posts"}],"about":[{"href":"https:\/\/archive.sana.sy\/es\/index.php?rest_route=\/wp\/v2\/types\/post"}],"author":[{"embeddable":true,"href":"https:\/\/archive.sana.sy\/es\/index.php?rest_route=\/wp\/v2\/users\/32"}],"replies":[{"embeddable":true,"href":"https:\/\/archive.sana.sy\/es\/index.php?rest_route=%2Fwp%2Fv2%2Fcomments&post=148097"}],"version-history":[{"count":0,"href":"https:\/\/archive.sana.sy\/es\/index.php?rest_route=\/wp\/v2\/posts\/148097\/revisions"}],"wp:featuredmedia":[{"embeddable":true,"href":"https:\/\/archive.sana.sy\/es\/index.php?rest_route=\/wp\/v2\/media\/148098"}],"wp:attachment":[{"href":"https:\/\/archive.sana.sy\/es\/index.php?rest_route=%2Fwp%2Fv2%2Fmedia&parent=148097"}],"wp:term":[{"taxonomy":"category","embeddable":true,"href":"https:\/\/archive.sana.sy\/es\/index.php?rest_route=%2Fwp%2Fv2%2Fcategories&post=148097"},{"taxonomy":"post_tag","embeddable":true,"href":"https:\/\/archive.sana.sy\/es\/index.php?rest_route=%2Fwp%2Fv2%2Ftags&post=148097"}],"curies":[{"name":"wp","href":"https:\/\/api.w.org\/{rel}","templated":true}]}}