{"id":148106,"date":"2020-07-30T16:32:05","date_gmt":"2020-07-30T13:32:05","guid":{"rendered":"http:\/\/sana.sy\/es\/?p=148106"},"modified":"2023-01-12T14:43:43","modified_gmt":"2023-01-12T12:43:43","slug":"el-libano-reabre-cruces-fronterizos-con-siria-para-permitir-el-retorno-de-libaneses","status":"publish","type":"post","link":"https:\/\/archive.sana.sy\/es\/?p=148106","title":{"rendered":"El L\u00edbano reabre cruces fronterizos con Siria para permitir el retorno de libaneses"},"content":{"rendered":"<p><span style=\"color: #800000;\"><strong>Beirut, SANA<\/strong><\/span><\/p>\n<p>La Direcci\u00f3n General de Seguridad General del L\u00edbano anunci\u00f3 que los dos cruces fronterizos de Masnaa y Aboudieh con Siria ser\u00e1n reabiertos los d\u00edas 4 y 6 de agosto para permitir que los libaneses en Siria entren al L\u00edbano.<\/p>\n<p>En un comunicado, la referida direcci\u00f3n explic\u00f3 que la medida cumple con la decisi\u00f3n del Gobierno liban\u00e9s adoptada el 31 de marzo sobre el regreso de los expatriados libaneses en el extranjero.<\/p>\n<p><span style=\"color: #0000ff;\">E.D\/ F.M<\/span><\/p>\n","protected":false},"excerpt":{"rendered":"<p>Beirut, SANA La Direcci\u00f3n General de Seguridad General del L\u00edbano anunci\u00f3 que los dos cruces fronterizos de Masnaa y Aboudieh con Siria ser\u00e1n reabiertos los d\u00edas 4 y 6 de agosto para permitir que los libaneses en Siria entren al L\u00edbano. En un comunicado, la referida direcci\u00f3n explic\u00f3 que la medida cumple con la decisi\u00f3n &hellip;<\/p>\n","protected":false},"author":32,"featured_media":148107,"comment_status":"closed","ping_status":"closed","sticky":false,"template":"","format":"standard","meta":{"footnotes":""},"categories":[597,456],"tags":[18137],"class_list":["post-148106","post","type-post","status-publish","format-standard","has-post-thumbnail","","category-cinta-de-noticias","category-arabe-internacional-politica","tag-el-libano-reabre-cruces-fronterizos-con-siria-para-permitir-el-retorno-de-libaneses"],"_links":{"self":[{"href":"https:\/\/archive.sana.sy\/es\/index.php?rest_route=\/wp\/v2\/posts\/148106"}],"collection":[{"href":"https:\/\/archive.sana.sy\/es\/index.php?rest_route=\/wp\/v2\/posts"}],"about":[{"href":"https:\/\/archive.sana.sy\/es\/index.php?rest_route=\/wp\/v2\/types\/post"}],"author":[{"embeddable":true,"href":"https:\/\/archive.sana.sy\/es\/index.php?rest_route=\/wp\/v2\/users\/32"}],"replies":[{"embeddable":true,"href":"https:\/\/archive.sana.sy\/es\/index.php?rest_route=%2Fwp%2Fv2%2Fcomments&post=148106"}],"version-history":[{"count":0,"href":"https:\/\/archive.sana.sy\/es\/index.php?rest_route=\/wp\/v2\/posts\/148106\/revisions"}],"wp:featuredmedia":[{"embeddable":true,"href":"https:\/\/archive.sana.sy\/es\/index.php?rest_route=\/wp\/v2\/media\/148107"}],"wp:attachment":[{"href":"https:\/\/archive.sana.sy\/es\/index.php?rest_route=%2Fwp%2Fv2%2Fmedia&parent=148106"}],"wp:term":[{"taxonomy":"category","embeddable":true,"href":"https:\/\/archive.sana.sy\/es\/index.php?rest_route=%2Fwp%2Fv2%2Fcategories&post=148106"},{"taxonomy":"post_tag","embeddable":true,"href":"https:\/\/archive.sana.sy\/es\/index.php?rest_route=%2Fwp%2Fv2%2Ftags&post=148106"}],"curies":[{"name":"wp","href":"https:\/\/api.w.org\/{rel}","templated":true}]}}