{"id":148109,"date":"2020-07-30T11:56:03","date_gmt":"2020-07-30T08:56:03","guid":{"rendered":"http:\/\/sana.sy\/es\/?p=148109"},"modified":"2023-01-10T15:14:59","modified_gmt":"2023-01-10T13:14:59","slug":"mas-de-120-empresas-lanzan-iniciativa-para-vender-sus-productos-a-precios-asequibles-fotos","status":"publish","type":"post","link":"https:\/\/archive.sana.sy\/es\/?p=148109","title":{"rendered":"M\u00e1s de 120 empresas lanzan iniciativa para vender sus productos a precios asequibles. (fotos)"},"content":{"rendered":"<p style=\"text-align: justify;\"><span style=\"color: #800000;\"><strong>Damasco, SANA<\/strong><\/span><\/p>\n<p>M\u00e1s de 120 empresas nacionales participan en una iniciativa para vender sus productos directamente al consumidor y a precios asequibles.<\/p>\n<p>Sobre un \u00e1rea de m\u00e1s de 6.000 metros cuadrados en la antigua sede de Expo-Damasco, las empresas exhiben y ofrecen sus productos de alimentos, ropas, zapatos, detergentes, electrodom\u00e9sticos, art\u00edculos de papeler\u00eda y otros accesorios.<\/p>\n<p>La iniciativa fue lanzada por la Gobernaci\u00f3n de Damasco en cooperaci\u00f3n con el Ministerio de Comercio Interior y Protecci\u00f3n del Consumidor, y su objetivo es vender los productos directo al consumidor sin intermediarios.<\/p>\n<p>Seg\u00fan algunos participantes, los descuentos llegan a 25 por ciento en los productos ofrecidos.<\/p>\n<p style=\"text-align: justify;\"><strong><span style=\"color: #0000ff;\">E.D\/ F.M<\/span><\/strong><\/p>\n<div id='gallery-1' class='gallery galleryid-148109 gallery-columns-1 gallery-size-full'><figure class='gallery-item'>\n\t\t\t<div class='gallery-icon landscape'>\n\t\t\t\t<a href='https:\/\/archive.sana.sy\/es\/wp-content\/uploads\/2020\/07\/2-9-scaled.jpg'><img loading=\"lazy\" decoding=\"async\" width=\"2560\" height=\"1704\" src=\"https:\/\/archive.sana.sy\/es\/wp-content\/uploads\/2020\/07\/2-9-scaled.jpg\" class=\"attachment-full size-full\" alt=\"\" srcset=\"https:\/\/archive.sana.sy\/es\/wp-content\/uploads\/2020\/07\/2-9-scaled.jpg 2560w, https:\/\/archive.sana.sy\/es\/wp-content\/uploads\/2020\/07\/2-9-300x200.jpg 300w, https:\/\/archive.sana.sy\/es\/wp-content\/uploads\/2020\/07\/2-9-1024x682.jpg 1024w, https:\/\/archive.sana.sy\/es\/wp-content\/uploads\/2020\/07\/2-9-150x100.jpg 150w, https:\/\/archive.sana.sy\/es\/wp-content\/uploads\/2020\/07\/2-9-768x511.jpg 768w, https:\/\/archive.sana.sy\/es\/wp-content\/uploads\/2020\/07\/2-9-1536x1022.jpg 1536w, https:\/\/archive.sana.sy\/es\/wp-content\/uploads\/2020\/07\/2-9-2048x1363.jpg 2048w, https:\/\/archive.sana.sy\/es\/wp-content\/uploads\/2020\/07\/2-9-310x205.jpg 310w\" sizes=\"(max-width: 2560px) 100vw, 2560px\" \/><\/a>\n\t\t\t<\/div><\/figure><figure class='gallery-item'>\n\t\t\t<div class='gallery-icon landscape'>\n\t\t\t\t<a href='https:\/\/archive.sana.sy\/es\/wp-content\/uploads\/2020\/07\/DSC_9857-1-scaled.jpg'><img loading=\"lazy\" decoding=\"async\" width=\"2560\" height=\"1704\" src=\"https:\/\/archive.sana.sy\/es\/wp-content\/uploads\/2020\/07\/DSC_9857-1-scaled.jpg\" class=\"attachment-full size-full\" alt=\"\" srcset=\"https:\/\/archive.sana.sy\/es\/wp-content\/uploads\/2020\/07\/DSC_9857-1-scaled.jpg 2560w, https:\/\/archive.sana.sy\/es\/wp-content\/uploads\/2020\/07\/DSC_9857-1-300x200.jpg 300w, https:\/\/archive.sana.sy\/es\/wp-content\/uploads\/2020\/07\/DSC_9857-1-1024x682.jpg 1024w, https:\/\/archive.sana.sy\/es\/wp-content\/uploads\/2020\/07\/DSC_9857-1-150x100.jpg 150w, https:\/\/archive.sana.sy\/es\/wp-content\/uploads\/2020\/07\/DSC_9857-1-768x511.jpg 768w, https:\/\/archive.sana.sy\/es\/wp-content\/uploads\/2020\/07\/DSC_9857-1-1536x1022.jpg 1536w, https:\/\/archive.sana.sy\/es\/wp-content\/uploads\/2020\/07\/DSC_9857-1-2048x1363.jpg 2048w, https:\/\/archive.sana.sy\/es\/wp-content\/uploads\/2020\/07\/DSC_9857-1-310x205.jpg 310w\" sizes=\"(max-width: 2560px) 100vw, 2560px\" \/><\/a>\n\t\t\t<\/div><\/figure><figure class='gallery-item'>\n\t\t\t<div class='gallery-icon landscape'>\n\t\t\t\t<a href='https:\/\/archive.sana.sy\/es\/wp-content\/uploads\/2020\/07\/DSC_9868-scaled.jpg'><img loading=\"lazy\" decoding=\"async\" width=\"2560\" height=\"1550\" src=\"https:\/\/archive.sana.sy\/es\/wp-content\/uploads\/2020\/07\/DSC_9868-scaled.jpg\" class=\"attachment-full size-full\" alt=\"\" srcset=\"https:\/\/archive.sana.sy\/es\/wp-content\/uploads\/2020\/07\/DSC_9868-scaled.jpg 2560w, https:\/\/archive.sana.sy\/es\/wp-content\/uploads\/2020\/07\/DSC_9868-300x182.jpg 300w, https:\/\/archive.sana.sy\/es\/wp-content\/uploads\/2020\/07\/DSC_9868-1024x620.jpg 1024w, https:\/\/archive.sana.sy\/es\/wp-content\/uploads\/2020\/07\/DSC_9868-150x91.jpg 150w, https:\/\/archive.sana.sy\/es\/wp-content\/uploads\/2020\/07\/DSC_9868-768x465.jpg 768w, https:\/\/archive.sana.sy\/es\/wp-content\/uploads\/2020\/07\/DSC_9868-1536x930.jpg 1536w, https:\/\/archive.sana.sy\/es\/wp-content\/uploads\/2020\/07\/DSC_9868-2048x1240.jpg 2048w\" sizes=\"(max-width: 2560px) 100vw, 2560px\" \/><\/a>\n\t\t\t<\/div><\/figure>\n\t\t<\/div>\n\n","protected":false},"excerpt":{"rendered":"<p>Damasco, SANA M\u00e1s de 120 empresas nacionales participan en una iniciativa para vender sus productos directamente al consumidor y a precios asequibles. Sobre un \u00e1rea de m\u00e1s de 6.000 metros cuadrados en la antigua sede de Expo-Damasco, las empresas exhiben y ofrecen sus productos de alimentos, ropas, zapatos, detergentes, electrodom\u00e9sticos, art\u00edculos de papeler\u00eda y otros &hellip;<\/p>\n","protected":false},"author":32,"featured_media":148110,"comment_status":"closed","ping_status":"closed","sticky":false,"template":"","format":"standard","meta":{"footnotes":""},"categories":[597,485,476,7541],"tags":[18138],"class_list":["post-148109","post","type-post","status-publish","format-standard","has-post-thumbnail","","category-cinta-de-noticias","category-informes-negocios-y-finanzas","category-locales","category-ultimas-noticias","tag-mas-de-120-empresas-lanzan-iniciativa-para-vender-sus-productos-a-precios-asequibles-fotos"],"_links":{"self":[{"href":"https:\/\/archive.sana.sy\/es\/index.php?rest_route=\/wp\/v2\/posts\/148109"}],"collection":[{"href":"https:\/\/archive.sana.sy\/es\/index.php?rest_route=\/wp\/v2\/posts"}],"about":[{"href":"https:\/\/archive.sana.sy\/es\/index.php?rest_route=\/wp\/v2\/types\/post"}],"author":[{"embeddable":true,"href":"https:\/\/archive.sana.sy\/es\/index.php?rest_route=\/wp\/v2\/users\/32"}],"replies":[{"embeddable":true,"href":"https:\/\/archive.sana.sy\/es\/index.php?rest_route=%2Fwp%2Fv2%2Fcomments&post=148109"}],"version-history":[{"count":0,"href":"https:\/\/archive.sana.sy\/es\/index.php?rest_route=\/wp\/v2\/posts\/148109\/revisions"}],"wp:featuredmedia":[{"embeddable":true,"href":"https:\/\/archive.sana.sy\/es\/index.php?rest_route=\/wp\/v2\/media\/148110"}],"wp:attachment":[{"href":"https:\/\/archive.sana.sy\/es\/index.php?rest_route=%2Fwp%2Fv2%2Fmedia&parent=148109"}],"wp:term":[{"taxonomy":"category","embeddable":true,"href":"https:\/\/archive.sana.sy\/es\/index.php?rest_route=%2Fwp%2Fv2%2Fcategories&post=148109"},{"taxonomy":"post_tag","embeddable":true,"href":"https:\/\/archive.sana.sy\/es\/index.php?rest_route=%2Fwp%2Fv2%2Ftags&post=148109"}],"curies":[{"name":"wp","href":"https:\/\/api.w.org\/{rel}","templated":true}]}}