{"id":148120,"date":"2020-07-30T19:23:48","date_gmt":"2020-07-30T16:23:48","guid":{"rendered":"http:\/\/sana.sy\/es\/?p=148120"},"modified":"2020-07-30T20:23:12","modified_gmt":"2020-07-30T17:23:12","slug":"salud-anuncia-21-nuevos-casos-con-covid-19-y-un-fallecimiento-por-la-enfermedad","status":"publish","type":"post","link":"https:\/\/archive.sana.sy\/es\/?p=148120","title":{"rendered":"Siria reporta 21 casos nuevos y un fallecimiento por Covid-19 en las \u00faltimas 24 horas"},"content":{"rendered":"<p style=\"text-align: justify;\"><span style=\"color: #800000;\"><strong>Damasco, SANA<\/strong><\/span><\/p>\n<p style=\"text-align: justify;\">El Ministerio de Salud de Siria report\u00f3 en las \u00faltimas horas, 21 nuevos casos con Covid-19 y un fallecimiento por esa enfermedad.<\/p>\n<p style=\"text-align: justify;\">Un comunicado del ministerio explic\u00f3 que el n\u00famero total de infectados hasta la fecha ascendi\u00f3 a 738, de ellos 228 se recuperaron y 41 fallecieron.<\/p>\n<p style=\"text-align: justify;\">Siria report\u00f3 el primer caso del nuevo Coronavirus el 22 de marzo pasado.<\/p>\n<p style=\"text-align: justify;\"><span style=\"color: #0000ff;\"><strong>Y.K.\/F.M.\/A.H.<\/strong><\/span><\/p>\n","protected":false},"excerpt":{"rendered":"<p>Damasco, SANA El Ministerio de Salud de Siria report\u00f3 en las \u00faltimas horas, 21 nuevos casos con Covid-19 y un fallecimiento por esa enfermedad. Un comunicado del ministerio explic\u00f3 que el n\u00famero total de infectados hasta la fecha ascendi\u00f3 a 738, de ellos 228 se recuperaron y 41 fallecieron. Siria report\u00f3 el primer caso del &hellip;<\/p>\n","protected":false},"author":1,"featured_media":148121,"comment_status":"closed","ping_status":"closed","sticky":false,"template":"","format":"standard","meta":{"footnotes":""},"categories":[597,476,7541],"tags":[18139],"class_list":["post-148120","post","type-post","status-publish","format-standard","has-post-thumbnail","","category-cinta-de-noticias","category-locales","category-ultimas-noticias","tag-siria-reporta-21-casos-nuevos-y-un-fallecimiento-por-covid-19-en-las-ultimas-24-horas"],"_links":{"self":[{"href":"https:\/\/archive.sana.sy\/es\/index.php?rest_route=\/wp\/v2\/posts\/148120"}],"collection":[{"href":"https:\/\/archive.sana.sy\/es\/index.php?rest_route=\/wp\/v2\/posts"}],"about":[{"href":"https:\/\/archive.sana.sy\/es\/index.php?rest_route=\/wp\/v2\/types\/post"}],"author":[{"embeddable":true,"href":"https:\/\/archive.sana.sy\/es\/index.php?rest_route=\/wp\/v2\/users\/1"}],"replies":[{"embeddable":true,"href":"https:\/\/archive.sana.sy\/es\/index.php?rest_route=%2Fwp%2Fv2%2Fcomments&post=148120"}],"version-history":[{"count":0,"href":"https:\/\/archive.sana.sy\/es\/index.php?rest_route=\/wp\/v2\/posts\/148120\/revisions"}],"wp:featuredmedia":[{"embeddable":true,"href":"https:\/\/archive.sana.sy\/es\/index.php?rest_route=\/wp\/v2\/media\/148121"}],"wp:attachment":[{"href":"https:\/\/archive.sana.sy\/es\/index.php?rest_route=%2Fwp%2Fv2%2Fmedia&parent=148120"}],"wp:term":[{"taxonomy":"category","embeddable":true,"href":"https:\/\/archive.sana.sy\/es\/index.php?rest_route=%2Fwp%2Fv2%2Fcategories&post=148120"},{"taxonomy":"post_tag","embeddable":true,"href":"https:\/\/archive.sana.sy\/es\/index.php?rest_route=%2Fwp%2Fv2%2Ftags&post=148120"}],"curies":[{"name":"wp","href":"https:\/\/api.w.org\/{rel}","templated":true}]}}