{"id":148142,"date":"2020-07-31T07:50:39","date_gmt":"2020-07-31T04:50:39","guid":{"rendered":"http:\/\/sana.sy\/es\/?p=148142"},"modified":"2020-07-31T07:58:51","modified_gmt":"2020-07-31T04:58:51","slug":"autoridades-incautan-armas-y-municiones-con-destino-a-terroristas-en-idleb","status":"publish","type":"post","link":"https:\/\/archive.sana.sy\/es\/?p=148142","title":{"rendered":"Ej\u00e9rcito frustra nuevo intento de contrabando de armas a los terroristas en Idlib"},"content":{"rendered":"<p style=\"text-align: justify;\"><span style=\"color: #800000;\"><strong>Homs, SANA<\/strong><\/span><\/p>\n<p style=\"text-align: justify;\">Las autoridades competentes en la provincia central de Homs confiscaron hoy un cargamento de armas y municiones que estaba destinado a los grupos terroristas en la provincia de Idlib.<\/p>\n<p style=\"text-align: justify;\">\u201cTras un proceso de seguimiento y monitoreo a las redes dedicadas al contrabando de armas y municiones a los grupos terroristas, las autoridades competentes lograron decomisar grandes cantidades de armas y municiones en la frontera administrativa de las provincias de Hama y Homs\u201d, inform\u00f3 el corresponsal de SANA.<\/p>\n<p style=\"text-align: justify;\">Agreg\u00f3 que las armas estaban destinados a los grupos terroristas desplegados en el campo norte de la provincia de Idlib.<\/p>\n<p style=\"text-align: justify;\">El periodista detall\u00f3 que lo confiscado incluye fusiles autom\u00e1ticos, ametralladoras medianas y misiles port\u00e1tiles, adem\u00e1s de proyectiles de RPG y morteros, un ca\u00f1\u00f3n mortero, granadas y cantidades de municiones.<\/p>\n<p style=\"text-align: justify;\">El pasado d\u00eda 23 de julio, las autoridades competentes confiscaron una gran cantidad de armas y municiones destinadas a los grupos terroristas en Idlib.<\/p>\n<p style=\"text-align: justify;\">Una operaci\u00f3n similar se produjo el d\u00eda 5 del mes en curso cuando se incaut\u00f3 un cargamento de misiles antitanques, ametralladoras PKC y granadas, que ten\u00eda como destino final el norte de Idlib.<\/p>\n<p style=\"text-align: justify;\"><span style=\"color: #0000ff;\"><strong>Y.K.\/F.M.\/A.H.<\/strong><\/span><\/p>\n<div id='gallery-1' class='gallery galleryid-148142 gallery-columns-1 gallery-size-full'><figure class='gallery-item'>\n\t\t\t<div class='gallery-icon landscape'>\n\t\t\t\t<a href='https:\/\/archive.sana.sy\/es\/wp-content\/uploads\/2020\/07\/2-10.jpg'><img loading=\"lazy\" decoding=\"async\" width=\"660\" height=\"316\" src=\"https:\/\/archive.sana.sy\/es\/wp-content\/uploads\/2020\/07\/2-10.jpg\" class=\"attachment-full size-full\" alt=\"\" srcset=\"https:\/\/archive.sana.sy\/es\/wp-content\/uploads\/2020\/07\/2-10.jpg 660w, https:\/\/archive.sana.sy\/es\/wp-content\/uploads\/2020\/07\/2-10-300x144.jpg 300w, https:\/\/archive.sana.sy\/es\/wp-content\/uploads\/2020\/07\/2-10-150x72.jpg 150w\" sizes=\"(max-width: 660px) 100vw, 660px\" \/><\/a>\n\t\t\t<\/div><\/figure><figure class='gallery-item'>\n\t\t\t<div class='gallery-icon landscape'>\n\t\t\t\t<a href='https:\/\/archive.sana.sy\/es\/wp-content\/uploads\/2020\/07\/3-4.jpg'><img loading=\"lazy\" decoding=\"async\" width=\"660\" height=\"464\" src=\"https:\/\/archive.sana.sy\/es\/wp-content\/uploads\/2020\/07\/3-4.jpg\" class=\"attachment-full size-full\" alt=\"\" srcset=\"https:\/\/archive.sana.sy\/es\/wp-content\/uploads\/2020\/07\/3-4.jpg 660w, https:\/\/archive.sana.sy\/es\/wp-content\/uploads\/2020\/07\/3-4-300x211.jpg 300w, https:\/\/archive.sana.sy\/es\/wp-content\/uploads\/2020\/07\/3-4-150x105.jpg 150w\" sizes=\"(max-width: 660px) 100vw, 660px\" \/><\/a>\n\t\t\t<\/div><\/figure><figure class='gallery-item'>\n\t\t\t<div class='gallery-icon landscape'>\n\t\t\t\t<a href='https:\/\/archive.sana.sy\/es\/wp-content\/uploads\/2020\/07\/4-5.jpg'><img loading=\"lazy\" decoding=\"async\" width=\"660\" height=\"370\" src=\"https:\/\/archive.sana.sy\/es\/wp-content\/uploads\/2020\/07\/4-5.jpg\" class=\"attachment-full size-full\" alt=\"\" srcset=\"https:\/\/archive.sana.sy\/es\/wp-content\/uploads\/2020\/07\/4-5.jpg 660w, https:\/\/archive.sana.sy\/es\/wp-content\/uploads\/2020\/07\/4-5-300x168.jpg 300w, https:\/\/archive.sana.sy\/es\/wp-content\/uploads\/2020\/07\/4-5-150x84.jpg 150w\" sizes=\"(max-width: 660px) 100vw, 660px\" \/><\/a>\n\t\t\t<\/div><\/figure><figure class='gallery-item'>\n\t\t\t<div class='gallery-icon landscape'>\n\t\t\t\t<a href='https:\/\/archive.sana.sy\/es\/wp-content\/uploads\/2020\/07\/5-5.jpg'><img loading=\"lazy\" decoding=\"async\" width=\"660\" height=\"462\" src=\"https:\/\/archive.sana.sy\/es\/wp-content\/uploads\/2020\/07\/5-5.jpg\" class=\"attachment-full size-full\" alt=\"\" srcset=\"https:\/\/archive.sana.sy\/es\/wp-content\/uploads\/2020\/07\/5-5.jpg 660w, https:\/\/archive.sana.sy\/es\/wp-content\/uploads\/2020\/07\/5-5-300x210.jpg 300w, https:\/\/archive.sana.sy\/es\/wp-content\/uploads\/2020\/07\/5-5-150x105.jpg 150w\" sizes=\"(max-width: 660px) 100vw, 660px\" \/><\/a>\n\t\t\t<\/div><\/figure>\n\t\t<\/div>\n\n","protected":false},"excerpt":{"rendered":"<p>Homs, SANA Las autoridades competentes en la provincia central de Homs confiscaron hoy un cargamento de armas y municiones que estaba destinado a los grupos terroristas en la provincia de Idlib. \u201cTras un proceso de seguimiento y monitoreo a las redes dedicadas al contrabando de armas y municiones a los grupos terroristas, las autoridades competentes &hellip;<\/p>\n","protected":false},"author":1,"featured_media":148146,"comment_status":"closed","ping_status":"closed","sticky":false,"template":"","format":"standard","meta":{"footnotes":""},"categories":[597,573,7541],"tags":[18142],"class_list":["post-148142","post","type-post","status-publish","format-standard","has-post-thumbnail","","category-cinta-de-noticias","category-la-realidad-de-los-acontecimientos-en-siria","category-ultimas-noticias","tag-ejercito-frustra-nuevo-intento-de-contrabando-de-armas-a-los-terroristas-en-idlib"],"_links":{"self":[{"href":"https:\/\/archive.sana.sy\/es\/index.php?rest_route=\/wp\/v2\/posts\/148142"}],"collection":[{"href":"https:\/\/archive.sana.sy\/es\/index.php?rest_route=\/wp\/v2\/posts"}],"about":[{"href":"https:\/\/archive.sana.sy\/es\/index.php?rest_route=\/wp\/v2\/types\/post"}],"author":[{"embeddable":true,"href":"https:\/\/archive.sana.sy\/es\/index.php?rest_route=\/wp\/v2\/users\/1"}],"replies":[{"embeddable":true,"href":"https:\/\/archive.sana.sy\/es\/index.php?rest_route=%2Fwp%2Fv2%2Fcomments&post=148142"}],"version-history":[{"count":0,"href":"https:\/\/archive.sana.sy\/es\/index.php?rest_route=\/wp\/v2\/posts\/148142\/revisions"}],"wp:featuredmedia":[{"embeddable":true,"href":"https:\/\/archive.sana.sy\/es\/index.php?rest_route=\/wp\/v2\/media\/148146"}],"wp:attachment":[{"href":"https:\/\/archive.sana.sy\/es\/index.php?rest_route=%2Fwp%2Fv2%2Fmedia&parent=148142"}],"wp:term":[{"taxonomy":"category","embeddable":true,"href":"https:\/\/archive.sana.sy\/es\/index.php?rest_route=%2Fwp%2Fv2%2Fcategories&post=148142"},{"taxonomy":"post_tag","embeddable":true,"href":"https:\/\/archive.sana.sy\/es\/index.php?rest_route=%2Fwp%2Fv2%2Ftags&post=148142"}],"curies":[{"name":"wp","href":"https:\/\/api.w.org\/{rel}","templated":true}]}}