{"id":148167,"date":"2020-07-31T07:21:21","date_gmt":"2020-07-31T04:21:21","guid":{"rendered":"http:\/\/sana.sy\/es\/?p=148167"},"modified":"2023-01-10T14:32:16","modified_gmt":"2023-01-10T12:32:16","slug":"trabajadores-de-iraq-ratifican-apoyo-absoluto-a-siria","status":"publish","type":"post","link":"https:\/\/archive.sana.sy\/es\/?p=148167","title":{"rendered":"Trabajadores de Iraq ratifican apoyo absoluto a Siria"},"content":{"rendered":"<p style=\"text-align: justify;\"><span style=\"color: #800000;\"><strong>Bagdad, SANA<\/strong><\/span><\/p>\n<p style=\"text-align: justify;\">La Federaci\u00f3n de Sindicatos de Trabajadores de Iraq reafirm\u00f3 su apoyo absoluto al pueblo sirio en su enfrentamiento a la agresi\u00f3n terrorista y econ\u00f3mica estadounidense representada por la llamada \u201cLey C\u00e9sar\u201d.<\/p>\n<p style=\"text-align: justify;\">Durante su reuni\u00f3n con el embajador sirio en Bagdad, Sattam Jadaan Al-Dandah, el presidente de la referida Federaci\u00f3n, Ali Al-Saadi, destac\u00f3 que la clase trabajadora iraqu\u00ed est\u00e1 el lado de Siria en su trinchera para enfrentar esta agresi\u00f3n injusta y opresiva.<\/p>\n<p style=\"text-align: justify;\">En declaraciones a la corresponsal de SANA en Bagdad, Al-Saadi explic\u00f3 que una delegaci\u00f3n encabezada por \u00e9l e inclu\u00eda a varios miembros de la oficina ejecutiva de la Federaci\u00f3n y jefes de sindicatos visitaron la sede de la embajada siria en Bagdad para expresar su solidaridad con Siria.<\/p>\n<p style=\"text-align: justify;\">\u201cTenemos el honor de visitar la embajada siria para reiterar la en\u00e9rgica condena a la Ley C\u00e9sar aplicada por el imperialismo estadounidense que est\u00e1 tratando de socavar la fuerza y \u200b\u200bfirmeza de Siria\u201d, remarc\u00f3.<\/p>\n<p style=\"text-align: justify;\">El dirigente sindical expres\u00f3 &#8220;la convicci\u00f3n de la clase obrera iraqu\u00ed de la capacidad de Siria para frustrar este asedio e inevitablemente vencerlo&#8221;.<\/p>\n<p style=\"text-align: justify;\"><span style=\"color: #0000ff;\">F.M<\/span><\/p>\n","protected":false},"excerpt":{"rendered":"<p>Bagdad, SANA La Federaci\u00f3n de Sindicatos de Trabajadores de Iraq reafirm\u00f3 su apoyo absoluto al pueblo sirio en su enfrentamiento a la agresi\u00f3n terrorista y econ\u00f3mica estadounidense representada por la llamada \u201cLey C\u00e9sar\u201d. Durante su reuni\u00f3n con el embajador sirio en Bagdad, Sattam Jadaan Al-Dandah, el presidente de la referida Federaci\u00f3n, Ali Al-Saadi, destac\u00f3 que &hellip;<\/p>\n","protected":false},"author":34,"featured_media":148168,"comment_status":"closed","ping_status":"closed","sticky":false,"template":"","format":"standard","meta":{"footnotes":""},"categories":[447,597,467,7541,1],"tags":[],"class_list":["post-148167","post","type-post","status-publish","format-standard","has-post-thumbnail","","category-local-politica","category-cinta-de-noticias","category-siria-y-el-mundo","category-ultimas-noticias","category-news-not-sorted"],"_links":{"self":[{"href":"https:\/\/archive.sana.sy\/es\/index.php?rest_route=\/wp\/v2\/posts\/148167"}],"collection":[{"href":"https:\/\/archive.sana.sy\/es\/index.php?rest_route=\/wp\/v2\/posts"}],"about":[{"href":"https:\/\/archive.sana.sy\/es\/index.php?rest_route=\/wp\/v2\/types\/post"}],"author":[{"embeddable":true,"href":"https:\/\/archive.sana.sy\/es\/index.php?rest_route=\/wp\/v2\/users\/34"}],"replies":[{"embeddable":true,"href":"https:\/\/archive.sana.sy\/es\/index.php?rest_route=%2Fwp%2Fv2%2Fcomments&post=148167"}],"version-history":[{"count":0,"href":"https:\/\/archive.sana.sy\/es\/index.php?rest_route=\/wp\/v2\/posts\/148167\/revisions"}],"wp:featuredmedia":[{"embeddable":true,"href":"https:\/\/archive.sana.sy\/es\/index.php?rest_route=\/wp\/v2\/media\/148168"}],"wp:attachment":[{"href":"https:\/\/archive.sana.sy\/es\/index.php?rest_route=%2Fwp%2Fv2%2Fmedia&parent=148167"}],"wp:term":[{"taxonomy":"category","embeddable":true,"href":"https:\/\/archive.sana.sy\/es\/index.php?rest_route=%2Fwp%2Fv2%2Fcategories&post=148167"},{"taxonomy":"post_tag","embeddable":true,"href":"https:\/\/archive.sana.sy\/es\/index.php?rest_route=%2Fwp%2Fv2%2Ftags&post=148167"}],"curies":[{"name":"wp","href":"https:\/\/api.w.org\/{rel}","templated":true}]}}