{"id":148178,"date":"2020-07-31T03:44:06","date_gmt":"2020-07-31T00:44:06","guid":{"rendered":"http:\/\/sana.sy\/es\/?p=148178"},"modified":"2023-01-12T14:43:43","modified_gmt":"2023-01-12T12:43:43","slug":"palestinos-heridos-por-disparos-de-los-soldados-israelies-en-cisjordania","status":"publish","type":"post","link":"https:\/\/archive.sana.sy\/es\/?p=148178","title":{"rendered":"Palestinos heridos por disparos de los soldados israel\u00edes en Cisjordania"},"content":{"rendered":"<p style=\"text-align: justify;\"><span style=\"color: #800000;\"><strong>Jerusal\u00e9n ocupada, SANA<\/strong><\/span><\/p>\n<p style=\"text-align: justify;\">Varios palestinos resultaron heridos en una agresi\u00f3n de las fuerzas de ocupaci\u00f3n israel\u00edes contra Cisjordania.<\/p>\n<p style=\"text-align: justify;\">La agencia palestina de noticias Wafa inform\u00f3 que las tropas ocupantes asaltaron la localidad de Zobuba, al oeste de Jenin, donde atacaron a los palestinos y dispararon balas y bombas de gas t\u00f3xico en su contra, lo que caus\u00f3 lesiones a varios de ellos.<\/p>\n<p style=\"text-align: justify;\">Israel contin\u00faa sus pr\u00e1cticas agresivas contra los palestinos al allanar las fuerzas sionistas en las ciudades y pueblos palestinos con el objetivo de desplazarlos y apoderarse de sus tierras.<\/p>\n<p style=\"text-align: justify;\"><span style=\"color: #0000ff;\">F.M<\/span><\/p>\n","protected":false},"excerpt":{"rendered":"<p>Jerusal\u00e9n ocupada, SANA Varios palestinos resultaron heridos en una agresi\u00f3n de las fuerzas de ocupaci\u00f3n israel\u00edes contra Cisjordania. La agencia palestina de noticias Wafa inform\u00f3 que las tropas ocupantes asaltaron la localidad de Zobuba, al oeste de Jenin, donde atacaron a los palestinos y dispararon balas y bombas de gas t\u00f3xico en su contra, lo &hellip;<\/p>\n","protected":false},"author":34,"featured_media":148179,"comment_status":"closed","ping_status":"closed","sticky":false,"template":"","format":"standard","meta":{"footnotes":""},"categories":[447,597,456,7541],"tags":[],"class_list":["post-148178","post","type-post","status-publish","format-standard","has-post-thumbnail","","category-local-politica","category-cinta-de-noticias","category-arabe-internacional-politica","category-ultimas-noticias"],"_links":{"self":[{"href":"https:\/\/archive.sana.sy\/es\/index.php?rest_route=\/wp\/v2\/posts\/148178"}],"collection":[{"href":"https:\/\/archive.sana.sy\/es\/index.php?rest_route=\/wp\/v2\/posts"}],"about":[{"href":"https:\/\/archive.sana.sy\/es\/index.php?rest_route=\/wp\/v2\/types\/post"}],"author":[{"embeddable":true,"href":"https:\/\/archive.sana.sy\/es\/index.php?rest_route=\/wp\/v2\/users\/34"}],"replies":[{"embeddable":true,"href":"https:\/\/archive.sana.sy\/es\/index.php?rest_route=%2Fwp%2Fv2%2Fcomments&post=148178"}],"version-history":[{"count":0,"href":"https:\/\/archive.sana.sy\/es\/index.php?rest_route=\/wp\/v2\/posts\/148178\/revisions"}],"wp:featuredmedia":[{"embeddable":true,"href":"https:\/\/archive.sana.sy\/es\/index.php?rest_route=\/wp\/v2\/media\/148179"}],"wp:attachment":[{"href":"https:\/\/archive.sana.sy\/es\/index.php?rest_route=%2Fwp%2Fv2%2Fmedia&parent=148178"}],"wp:term":[{"taxonomy":"category","embeddable":true,"href":"https:\/\/archive.sana.sy\/es\/index.php?rest_route=%2Fwp%2Fv2%2Fcategories&post=148178"},{"taxonomy":"post_tag","embeddable":true,"href":"https:\/\/archive.sana.sy\/es\/index.php?rest_route=%2Fwp%2Fv2%2Ftags&post=148178"}],"curies":[{"name":"wp","href":"https:\/\/api.w.org\/{rel}","templated":true}]}}