{"id":148181,"date":"2020-07-31T10:25:03","date_gmt":"2020-07-31T07:25:03","guid":{"rendered":"http:\/\/sana.sy\/es\/?p=148181"},"modified":"2023-01-10T14:32:16","modified_gmt":"2023-01-10T12:32:16","slug":"rezo-de-eid-al-adha-en-siria-es-diferente-a-los-anos-anteriores","status":"publish","type":"post","link":"https:\/\/archive.sana.sy\/es\/?p=148181","title":{"rendered":"Rezo de Eid Al-Adha en Siria es diferente a los a\u00f1os anteriores"},"content":{"rendered":"<p style=\"text-align: justify;\"><span style=\"color: #800000;\"><strong>Provincias, SANA<\/strong><\/span><\/p>\n<p style=\"text-align: justify;\">A diferencia de los a\u00f1os anteriores, los feligreses en las provincias de Ciudad de Damasco y Rif Dimashq efectuaron el rezo de Eid Al-Adha (fiesta musulmana del sacrificio) en sus hogares tras suspender las oraciones en las mezquitas como medida preventiva por la pandemia del nuevo Coronavirus.<\/p>\n<p style=\"text-align: justify;\">En las dem\u00e1s provincias del pa\u00eds, las mezquitas abrieron sus puertas y se efectuaron los rezos en medio de extremas medidas de precauci\u00f3n y prevenci\u00f3n.<\/p>\n<p style=\"text-align: justify;\">Los imanes del rezo destacaron en sus sermones los significados sublimes de Eid Al-Adha que se manifiestan en el amor, la tolerancia y la compasi\u00f3n, y en fortalecer los lazos de hermandad entre todos los espectros del pueblo sirio.<\/p>\n<p style=\"text-align: justify;\"><span style=\"color: #0000ff;\">F.M<\/span><\/p>\n","protected":false},"excerpt":{"rendered":"<p>Provincias, SANA A diferencia de los a\u00f1os anteriores, los feligreses en las provincias de Ciudad de Damasco y Rif Dimashq efectuaron el rezo de Eid Al-Adha (fiesta musulmana del sacrificio) en sus hogares tras suspender las oraciones en las mezquitas como medida preventiva por la pandemia del nuevo Coronavirus. En las dem\u00e1s provincias del pa\u00eds, &hellip;<\/p>\n","protected":false},"author":34,"featured_media":148182,"comment_status":"closed","ping_status":"closed","sticky":false,"template":"","format":"standard","meta":{"footnotes":""},"categories":[477,447,597,476,7541],"tags":[],"class_list":["post-148181","post","type-post","status-publish","format-standard","has-post-thumbnail","","category-noticias-edulcorantes","category-local-politica","category-cinta-de-noticias","category-locales","category-ultimas-noticias"],"_links":{"self":[{"href":"https:\/\/archive.sana.sy\/es\/index.php?rest_route=\/wp\/v2\/posts\/148181"}],"collection":[{"href":"https:\/\/archive.sana.sy\/es\/index.php?rest_route=\/wp\/v2\/posts"}],"about":[{"href":"https:\/\/archive.sana.sy\/es\/index.php?rest_route=\/wp\/v2\/types\/post"}],"author":[{"embeddable":true,"href":"https:\/\/archive.sana.sy\/es\/index.php?rest_route=\/wp\/v2\/users\/34"}],"replies":[{"embeddable":true,"href":"https:\/\/archive.sana.sy\/es\/index.php?rest_route=%2Fwp%2Fv2%2Fcomments&post=148181"}],"version-history":[{"count":0,"href":"https:\/\/archive.sana.sy\/es\/index.php?rest_route=\/wp\/v2\/posts\/148181\/revisions"}],"wp:featuredmedia":[{"embeddable":true,"href":"https:\/\/archive.sana.sy\/es\/index.php?rest_route=\/wp\/v2\/media\/148182"}],"wp:attachment":[{"href":"https:\/\/archive.sana.sy\/es\/index.php?rest_route=%2Fwp%2Fv2%2Fmedia&parent=148181"}],"wp:term":[{"taxonomy":"category","embeddable":true,"href":"https:\/\/archive.sana.sy\/es\/index.php?rest_route=%2Fwp%2Fv2%2Fcategories&post=148181"},{"taxonomy":"post_tag","embeddable":true,"href":"https:\/\/archive.sana.sy\/es\/index.php?rest_route=%2Fwp%2Fv2%2Ftags&post=148181"}],"curies":[{"name":"wp","href":"https:\/\/api.w.org\/{rel}","templated":true}]}}