{"id":14821,"date":"2014-12-22T21:07:11","date_gmt":"2014-12-22T19:07:11","guid":{"rendered":"http:\/\/sana.sy\/es\/?p=14821"},"modified":"2014-12-22T21:07:11","modified_gmt":"2014-12-22T19:07:11","slug":"concluidas-las-labores-de-la-conferencia-anual-del-ministerio-de-asuntos-religiosos","status":"publish","type":"post","link":"https:\/\/archive.sana.sy\/es\/?p=14821","title":{"rendered":"Concluidas las labores de la conferencia anual del ministerio de asuntos religiosos"},"content":{"rendered":"<p>Damasco-SANA<\/p>\n<p>Han concluido en la mezquita Al-Uthman las labores de la conferencia anual del ministerio de asuntos religiosos, Aukaf, bajo el titulo la ideolog\u00eda de la crisis de cara a la ideolog\u00eda de la sedici\u00f3n, un sistema \u00e9tico de arraigar los valores patri\u00f3ticos, nuestra religi\u00f3n no es una religi\u00f3n de Takfir sino de pensamiento y no es una religi\u00f3n de extremismo y agresi\u00f3n, sino una religi\u00f3n de moral y construcci\u00f3n.<\/p>\n<p>Los participantes en la conferencia recomendaron el lanzamiento del proyecto \u00a8Fadila\u00a8, (las bondades) que llama a los predicadores a encarnar los valores morales y nacionales, durante las oraciones del viernes.<\/p>\n<p>Asimismo los participantes recomendaron la aprobaci\u00f3n del nuevo proyecto de Ley del Ministerio del Waqf, tras haberlo examinado detalladamente.<\/p>\n<p>Los participantes en la conferencia tambi\u00e9n pidieron desarrollar los planes de estudios de la educaci\u00f3n religiosa.<br \/>\nDe igual modo hicieron hincapi\u00e9 en la necesidad de monitorear cualquier fatwas enga\u00f1osas y takfiri que contradicen con el verdadero Islam.<\/p>\n<p>Yamil K.<\/p>\n","protected":false},"excerpt":{"rendered":"<p>Damasco-SANA Han concluido en la mezquita Al-Uthman las labores de la conferencia anual del ministerio de asuntos religiosos, Aukaf, bajo el titulo la ideolog\u00eda de la crisis de cara a la ideolog\u00eda de la sedici\u00f3n, un sistema \u00e9tico de arraigar los valores patri\u00f3ticos, nuestra religi\u00f3n no es una religi\u00f3n de Takfir sino de pensamiento y &hellip;<\/p>\n","protected":false},"author":1,"featured_media":14822,"comment_status":"closed","ping_status":"closed","sticky":false,"template":"","format":"standard","meta":{"footnotes":""},"categories":[477,476],"tags":[],"class_list":["post-14821","post","type-post","status-publish","format-standard","has-post-thumbnail","","category-noticias-edulcorantes","category-locales"],"_links":{"self":[{"href":"https:\/\/archive.sana.sy\/es\/index.php?rest_route=\/wp\/v2\/posts\/14821"}],"collection":[{"href":"https:\/\/archive.sana.sy\/es\/index.php?rest_route=\/wp\/v2\/posts"}],"about":[{"href":"https:\/\/archive.sana.sy\/es\/index.php?rest_route=\/wp\/v2\/types\/post"}],"author":[{"embeddable":true,"href":"https:\/\/archive.sana.sy\/es\/index.php?rest_route=\/wp\/v2\/users\/1"}],"replies":[{"embeddable":true,"href":"https:\/\/archive.sana.sy\/es\/index.php?rest_route=%2Fwp%2Fv2%2Fcomments&post=14821"}],"version-history":[{"count":0,"href":"https:\/\/archive.sana.sy\/es\/index.php?rest_route=\/wp\/v2\/posts\/14821\/revisions"}],"wp:featuredmedia":[{"embeddable":true,"href":"https:\/\/archive.sana.sy\/es\/index.php?rest_route=\/wp\/v2\/media\/14822"}],"wp:attachment":[{"href":"https:\/\/archive.sana.sy\/es\/index.php?rest_route=%2Fwp%2Fv2%2Fmedia&parent=14821"}],"wp:term":[{"taxonomy":"category","embeddable":true,"href":"https:\/\/archive.sana.sy\/es\/index.php?rest_route=%2Fwp%2Fv2%2Fcategories&post=14821"},{"taxonomy":"post_tag","embeddable":true,"href":"https:\/\/archive.sana.sy\/es\/index.php?rest_route=%2Fwp%2Fv2%2Ftags&post=14821"}],"curies":[{"name":"wp","href":"https:\/\/api.w.org\/{rel}","templated":true}]}}