{"id":148237,"date":"2020-07-31T10:24:50","date_gmt":"2020-07-31T07:24:50","guid":{"rendered":"http:\/\/sana.sy\/es\/?p=148237"},"modified":"2020-07-31T22:51:46","modified_gmt":"2020-07-31T19:51:46","slug":"estudiantes-sirios-en-egipto-afirman-su-pleno-apoyo-a-la-patria","status":"publish","type":"post","link":"https:\/\/archive.sana.sy\/es\/?p=148237","title":{"rendered":"Estudiantes sirios en Egipto ratifican compromiso y apoyo a su patria"},"content":{"rendered":"<p><span style=\"color: #800000;\">El Cairo, SANA<\/span><\/p>\n<p style=\"text-align: justify;\">La Uni\u00f3n Nacional de Estudiantes Sirios en Egipto destac\u00f3, por medio de un comunicado, la importancia de las victorias que el ej\u00e9rcito \u00e1rabe sirio hab\u00eda logrado contra el terrorismo y ratific\u00f3 su posici\u00f3n de apoyo al ej\u00e9rcito en su lucha contra la plaga del terrorismo.<\/p>\n<p style=\"text-align: justify;\">La nota, que fue emitida por motivo del 75\u00ba aniversario de la fundaci\u00f3n del Ej\u00e9rcito \u00c1rabe Sirio, afirm\u00f3 que Siria est\u00e1 avanzando con pasos firmes hacia la victoria gracias al valor de los soldados sirios y sus esfuerzos por socavar los pilares del terrorismo y destruir los sue\u00f1os de sus amos y partidarios.<\/p>\n<p style=\"text-align: justify;\">Elogi\u00f3 la firmeza del liderazgo y el pueblo sirios y sus sacrificios para preservar la soberan\u00eda, paz, estabilidad y seguridad de la patria.<\/p>\n<p style=\"text-align: justify;\">Asimismo, los estudiantes felicitaron a los militares por la fiesta de Eid Al-Adha y expresaron el \u201caprecio por sus sacrificios por mantener el orgullo y la dignidad de la naci\u00f3n.<\/p>\n<p>&nbsp;<\/p>\n<p>M.M\/ F.M<\/p>\n","protected":false},"excerpt":{"rendered":"<p>El Cairo, SANA La Uni\u00f3n Nacional de Estudiantes Sirios en Egipto destac\u00f3, por medio de un comunicado, la importancia de las victorias que el ej\u00e9rcito \u00e1rabe sirio hab\u00eda logrado contra el terrorismo y ratific\u00f3 su posici\u00f3n de apoyo al ej\u00e9rcito en su lucha contra la plaga del terrorismo. La nota, que fue emitida por motivo &hellip;<\/p>\n","protected":false},"author":36,"featured_media":148238,"comment_status":"closed","ping_status":"closed","sticky":false,"template":"","format":"standard","meta":{"footnotes":""},"categories":[597,476,7541],"tags":[],"class_list":["post-148237","post","type-post","status-publish","format-standard","has-post-thumbnail","","category-cinta-de-noticias","category-locales","category-ultimas-noticias"],"_links":{"self":[{"href":"https:\/\/archive.sana.sy\/es\/index.php?rest_route=\/wp\/v2\/posts\/148237"}],"collection":[{"href":"https:\/\/archive.sana.sy\/es\/index.php?rest_route=\/wp\/v2\/posts"}],"about":[{"href":"https:\/\/archive.sana.sy\/es\/index.php?rest_route=\/wp\/v2\/types\/post"}],"author":[{"embeddable":true,"href":"https:\/\/archive.sana.sy\/es\/index.php?rest_route=\/wp\/v2\/users\/36"}],"replies":[{"embeddable":true,"href":"https:\/\/archive.sana.sy\/es\/index.php?rest_route=%2Fwp%2Fv2%2Fcomments&post=148237"}],"version-history":[{"count":0,"href":"https:\/\/archive.sana.sy\/es\/index.php?rest_route=\/wp\/v2\/posts\/148237\/revisions"}],"wp:featuredmedia":[{"embeddable":true,"href":"https:\/\/archive.sana.sy\/es\/index.php?rest_route=\/wp\/v2\/media\/148238"}],"wp:attachment":[{"href":"https:\/\/archive.sana.sy\/es\/index.php?rest_route=%2Fwp%2Fv2%2Fmedia&parent=148237"}],"wp:term":[{"taxonomy":"category","embeddable":true,"href":"https:\/\/archive.sana.sy\/es\/index.php?rest_route=%2Fwp%2Fv2%2Fcategories&post=148237"},{"taxonomy":"post_tag","embeddable":true,"href":"https:\/\/archive.sana.sy\/es\/index.php?rest_route=%2Fwp%2Fv2%2Ftags&post=148237"}],"curies":[{"name":"wp","href":"https:\/\/api.w.org\/{rel}","templated":true}]}}