{"id":148254,"date":"2020-07-31T19:27:33","date_gmt":"2020-07-31T16:27:33","guid":{"rendered":"http:\/\/sana.sy\/es\/?p=148254"},"modified":"2020-07-31T19:27:33","modified_gmt":"2020-07-31T16:27:33","slug":"ministerio-de-salud-reporta-19-nuevos-casos-con-covid-19","status":"publish","type":"post","link":"https:\/\/archive.sana.sy\/es\/?p=148254","title":{"rendered":"Ministerio de Salud reporta 19 nuevos casos con Covid-19"},"content":{"rendered":"<p style=\"text-align: justify;\"><span style=\"color: #800000;\">Damasco, SANA<\/span><\/p>\n<p style=\"text-align: justify;\">El ministerio de Salud de Siria confirm\u00f3 que 19 personas dieron positivo al virus SARS-CoV-2, causante de la enfermedad Covid-19.<\/p>\n<p style=\"text-align: justify;\">En un comunicado, el ministerio explic\u00f3 que la cifra de infectados a nivel nacional ascendi\u00f3 a 757, de los cuales 43 fallecieron.<\/p>\n<p style=\"text-align: justify;\">Asimismo, anunci\u00f3 la recuperaci\u00f3n de 8 enfermos lo que eleva a 237 la cifra de pacientes dados de alta m\u00e9dica.<\/p>\n<p style=\"text-align: justify;\">Siria report\u00f3 el primer caso del nuevo Coronavirus el 22 de marzo pasado.<\/p>\n<p>M.M<\/p>\n","protected":false},"excerpt":{"rendered":"<p>Damasco, SANA El ministerio de Salud de Siria confirm\u00f3 que 19 personas dieron positivo al virus SARS-CoV-2, causante de la enfermedad Covid-19. En un comunicado, el ministerio explic\u00f3 que la cifra de infectados a nivel nacional ascendi\u00f3 a 757, de los cuales 43 fallecieron. Asimismo, anunci\u00f3 la recuperaci\u00f3n de 8 enfermos lo que eleva a &hellip;<\/p>\n","protected":false},"author":36,"featured_media":148255,"comment_status":"closed","ping_status":"closed","sticky":false,"template":"","format":"standard","meta":{"footnotes":""},"categories":[597,476,7541],"tags":[],"class_list":["post-148254","post","type-post","status-publish","format-standard","has-post-thumbnail","","category-cinta-de-noticias","category-locales","category-ultimas-noticias"],"_links":{"self":[{"href":"https:\/\/archive.sana.sy\/es\/index.php?rest_route=\/wp\/v2\/posts\/148254"}],"collection":[{"href":"https:\/\/archive.sana.sy\/es\/index.php?rest_route=\/wp\/v2\/posts"}],"about":[{"href":"https:\/\/archive.sana.sy\/es\/index.php?rest_route=\/wp\/v2\/types\/post"}],"author":[{"embeddable":true,"href":"https:\/\/archive.sana.sy\/es\/index.php?rest_route=\/wp\/v2\/users\/36"}],"replies":[{"embeddable":true,"href":"https:\/\/archive.sana.sy\/es\/index.php?rest_route=%2Fwp%2Fv2%2Fcomments&post=148254"}],"version-history":[{"count":0,"href":"https:\/\/archive.sana.sy\/es\/index.php?rest_route=\/wp\/v2\/posts\/148254\/revisions"}],"wp:featuredmedia":[{"embeddable":true,"href":"https:\/\/archive.sana.sy\/es\/index.php?rest_route=\/wp\/v2\/media\/148255"}],"wp:attachment":[{"href":"https:\/\/archive.sana.sy\/es\/index.php?rest_route=%2Fwp%2Fv2%2Fmedia&parent=148254"}],"wp:term":[{"taxonomy":"category","embeddable":true,"href":"https:\/\/archive.sana.sy\/es\/index.php?rest_route=%2Fwp%2Fv2%2Fcategories&post=148254"},{"taxonomy":"post_tag","embeddable":true,"href":"https:\/\/archive.sana.sy\/es\/index.php?rest_route=%2Fwp%2Fv2%2Ftags&post=148254"}],"curies":[{"name":"wp","href":"https:\/\/api.w.org\/{rel}","templated":true}]}}