{"id":148270,"date":"2020-08-01T09:16:00","date_gmt":"2020-08-01T06:16:00","guid":{"rendered":"http:\/\/sana.sy\/es\/?p=148270"},"modified":"2020-08-01T09:43:23","modified_gmt":"2020-08-01T06:43:23","slug":"presidente-al-assad-dirige-palabras-a-las-fuerzas-armadas-con-motivo-del-dia-del-ejercito","status":"publish","type":"post","link":"https:\/\/archive.sana.sy\/es\/?p=148270","title":{"rendered":"Presidente al-Assad dirige unas palabras a las fuerzas armadas con motivo del D\u00eda del Ej\u00e9rcito"},"content":{"rendered":"<p style=\"text-align: justify;\"><span style=\"color: #800000;\"><strong>Damasco, SANA<\/strong><\/span><\/p>\n<p style=\"text-align: justify;\">El presidente Bashar al-Assad, Comandante en Jefe del Ej\u00e9rcito y las Fuerzas Armadas, afirm\u00f3 que los soldados del ej\u00e9rcito conquistaron grandes victorias y siempre han estado soberanos, libres y valientes, y al lado del pueblo sirio en las diferentes fases de la guerra terrorista y agresiva.<\/p>\n<p style=\"text-align: justify;\">\u201cSoldados h\u00e9roes y con firme determinaci\u00f3n y voluntad, me dirijo a ustedes con sentimientos de orgullo y aprecio con motivo del septuag\u00e9simo quinto aniversario de la fundaci\u00f3n del Ej\u00e9rcito \u00c1rabe Sirio.. Les saludo como valientes y victoriosos protectores de la patria\u201d, dijo el presidente en unas palabras dirigidas a las fuerzas armadas a trav\u00e9s de la revista \u201cEj\u00e9rcito del Pueblo\u201d con motivo del 75 aniversario de la fundaci\u00f3n del Ej\u00e9rcito \u00c1rabe Sirio.<\/p>\n<p style=\"text-align: justify;\">Asimismo, salud\u00f3 a los oficiales, suboficiales y soldados, y los felicit\u00f3 en esta efem\u00e9ride que refleja los \u201cvalores de la firmeza, la originalidad y la pertenencia, y representa un resurgimiento digno y soberano del presente y el futuro.<\/p>\n<p style=\"text-align: justify;\">Seg\u00fan el mandatario, las fuerzas armadas han estado firmes, libres y soberanas y del lado del pueblo sirio en las diferentes fases de la guerra terrorista.<\/p>\n<p style=\"text-align: justify;\">\u201cEn un determinado momento, algunos creyeron que pod\u00edan someter la voluntad del ej\u00e9rcito y socavar su determinaci\u00f3n pero los soldados frustraron esas pretensiones arrogantes\u201d, agreg\u00f3.<\/p>\n<p style=\"text-align: justify;\">Acot\u00f3 en sus palabras que \u201clos militares sirios enfrentaron la prepotencia de las fuerzas del mal y el terrorismo que emplearon la traici\u00f3n y la agresi\u00f3n, y demostraron en medio de los desaf\u00edos y las batallas que son firmes, sacrificados y valientes y, no conocen el miedo o la vacilaci\u00f3n, y no aceptan una alternativa a la gloria y la alteza, y lo dan todo por la dignidad de la patria y la seguridad de sus hijos.<\/p>\n<p style=\"text-align: justify;\">\u201cLograron grandiosas victorias a lo largo de nueve a\u00f1os de guerra criminal en la que las potencias colonialistas ejercieron toda forma de terrorismo y agresi\u00f3n contra Siria y su firme pueblo\u201d, remarc\u00f3.<\/p>\n<p style=\"text-align: justify;\">Asimismo, llam\u00f3 al ej\u00e9rcito a continuar la victoriosa marcha de defender la patria y soberan\u00eda y preservar la dignidad y el honor, y liberar todo el territorio del terrorismo y la ocupaci\u00f3n.<\/p>\n<p style=\"text-align: justify;\">\u201cUstedes son la esperanza.. en ustedes confiamos y gracias a ustedes la naci\u00f3n se enaltece\u201d, concluy\u00f3.<\/p>\n<p style=\"text-align: justify;\"><span style=\"color: #0000ff;\"><strong>F.M\/W.S<\/strong><\/span><\/p>\n","protected":false},"excerpt":{"rendered":"<p>Damasco, SANA El presidente Bashar al-Assad, Comandante en Jefe del Ej\u00e9rcito y las Fuerzas Armadas, afirm\u00f3 que los soldados del ej\u00e9rcito conquistaron grandes victorias y siempre han estado soberanos, libres y valientes, y al lado del pueblo sirio en las diferentes fases de la guerra terrorista y agresiva. \u201cSoldados h\u00e9roes y con firme determinaci\u00f3n y &hellip;<\/p>\n","protected":false},"author":35,"featured_media":148271,"comment_status":"closed","ping_status":"closed","sticky":false,"template":"","format":"standard","meta":{"footnotes":""},"categories":[597,476,16237,583],"tags":[],"class_list":["post-148270","post","type-post","status-publish","format-standard","has-post-thumbnail","","category-cinta-de-noticias","category-locales","category-presidence-de-la-republique-arabe-syria","category-slide"],"_links":{"self":[{"href":"https:\/\/archive.sana.sy\/es\/index.php?rest_route=\/wp\/v2\/posts\/148270"}],"collection":[{"href":"https:\/\/archive.sana.sy\/es\/index.php?rest_route=\/wp\/v2\/posts"}],"about":[{"href":"https:\/\/archive.sana.sy\/es\/index.php?rest_route=\/wp\/v2\/types\/post"}],"author":[{"embeddable":true,"href":"https:\/\/archive.sana.sy\/es\/index.php?rest_route=\/wp\/v2\/users\/35"}],"replies":[{"embeddable":true,"href":"https:\/\/archive.sana.sy\/es\/index.php?rest_route=%2Fwp%2Fv2%2Fcomments&post=148270"}],"version-history":[{"count":0,"href":"https:\/\/archive.sana.sy\/es\/index.php?rest_route=\/wp\/v2\/posts\/148270\/revisions"}],"wp:featuredmedia":[{"embeddable":true,"href":"https:\/\/archive.sana.sy\/es\/index.php?rest_route=\/wp\/v2\/media\/148271"}],"wp:attachment":[{"href":"https:\/\/archive.sana.sy\/es\/index.php?rest_route=%2Fwp%2Fv2%2Fmedia&parent=148270"}],"wp:term":[{"taxonomy":"category","embeddable":true,"href":"https:\/\/archive.sana.sy\/es\/index.php?rest_route=%2Fwp%2Fv2%2Fcategories&post=148270"},{"taxonomy":"post_tag","embeddable":true,"href":"https:\/\/archive.sana.sy\/es\/index.php?rest_route=%2Fwp%2Fv2%2Ftags&post=148270"}],"curies":[{"name":"wp","href":"https:\/\/api.w.org\/{rel}","templated":true}]}}