{"id":148287,"date":"2020-08-01T12:18:23","date_gmt":"2020-08-01T09:18:23","guid":{"rendered":"http:\/\/sana.sy\/es\/?p=148287"},"modified":"2020-08-01T12:18:23","modified_gmt":"2020-08-01T09:18:23","slug":"los-sacrificios-del-ejercito-sirio-llevaron-a-la-erradicacion-del-terrorismo-afirman-estudiantes-sirios-en-iran","status":"publish","type":"post","link":"https:\/\/archive.sana.sy\/es\/?p=148287","title":{"rendered":"Los sacrificios del ej\u00e9rcito sirio llevaron a la erradicaci\u00f3n del terrorismo, afirman estudiantes sirios en Ir\u00e1n"},"content":{"rendered":"<p style=\"text-align: justify;\"><span style=\"color: #800000;\"><strong>Teher\u00e1n, SANA<\/strong><\/span><\/p>\n<p style=\"text-align: justify;\">La sucursal de la Uni\u00f3n Nacional de Estudiantes Sirios en Ir\u00e1n afirm\u00f3 que las victorias sobre el terrorismo se lograron gracias a los sacrificios del ej\u00e9rcito \u00e1rabe sirio.<\/p>\n<p style=\"text-align: justify;\">En un comunicado emitido con motivo del 75 aniversario de la fundaci\u00f3n del ej\u00e9rcito, la Uni\u00f3n expres\u00f3 sus m\u00e1s sinceras felicitaciones a los comandantes y oficiales de las fuerzas a\u00e9reas, mar\u00edtimas y terrestres del ej\u00e9rcito.<\/p>\n<p style=\"text-align: justify;\">\u201cEsos valientes son los protagonistas de esa victoria por la cual dieron sus vidas\u201d, destac\u00f3.<\/p>\n<p style=\"text-align: justify;\">Asimismo, prometieron seguir siendo soldados leales a la patria para construir un futuro mejor para Siria.<\/p>\n<p style=\"text-align: justify;\"><span style=\"color: #0000ff;\"><strong>W.S\/F.M<\/strong><\/span><\/p>\n","protected":false},"excerpt":{"rendered":"<p>Teher\u00e1n, SANA La sucursal de la Uni\u00f3n Nacional de Estudiantes Sirios en Ir\u00e1n afirm\u00f3 que las victorias sobre el terrorismo se lograron gracias a los sacrificios del ej\u00e9rcito \u00e1rabe sirio. En un comunicado emitido con motivo del 75 aniversario de la fundaci\u00f3n del ej\u00e9rcito, la Uni\u00f3n expres\u00f3 sus m\u00e1s sinceras felicitaciones a los comandantes y &hellip;<\/p>\n","protected":false},"author":35,"featured_media":148288,"comment_status":"closed","ping_status":"closed","sticky":false,"template":"","format":"standard","meta":{"footnotes":""},"categories":[597,467,7541],"tags":[],"class_list":["post-148287","post","type-post","status-publish","format-standard","has-post-thumbnail","","category-cinta-de-noticias","category-siria-y-el-mundo","category-ultimas-noticias"],"_links":{"self":[{"href":"https:\/\/archive.sana.sy\/es\/index.php?rest_route=\/wp\/v2\/posts\/148287"}],"collection":[{"href":"https:\/\/archive.sana.sy\/es\/index.php?rest_route=\/wp\/v2\/posts"}],"about":[{"href":"https:\/\/archive.sana.sy\/es\/index.php?rest_route=\/wp\/v2\/types\/post"}],"author":[{"embeddable":true,"href":"https:\/\/archive.sana.sy\/es\/index.php?rest_route=\/wp\/v2\/users\/35"}],"replies":[{"embeddable":true,"href":"https:\/\/archive.sana.sy\/es\/index.php?rest_route=%2Fwp%2Fv2%2Fcomments&post=148287"}],"version-history":[{"count":0,"href":"https:\/\/archive.sana.sy\/es\/index.php?rest_route=\/wp\/v2\/posts\/148287\/revisions"}],"wp:featuredmedia":[{"embeddable":true,"href":"https:\/\/archive.sana.sy\/es\/index.php?rest_route=\/wp\/v2\/media\/148288"}],"wp:attachment":[{"href":"https:\/\/archive.sana.sy\/es\/index.php?rest_route=%2Fwp%2Fv2%2Fmedia&parent=148287"}],"wp:term":[{"taxonomy":"category","embeddable":true,"href":"https:\/\/archive.sana.sy\/es\/index.php?rest_route=%2Fwp%2Fv2%2Fcategories&post=148287"},{"taxonomy":"post_tag","embeddable":true,"href":"https:\/\/archive.sana.sy\/es\/index.php?rest_route=%2Fwp%2Fv2%2Ftags&post=148287"}],"curies":[{"name":"wp","href":"https:\/\/api.w.org\/{rel}","templated":true}]}}