{"id":14835,"date":"2014-12-23T11:43:24","date_gmt":"2014-12-23T09:43:24","guid":{"rendered":"http:\/\/sana.sy\/es\/?p=14835"},"modified":"2014-12-24T20:21:20","modified_gmt":"2014-12-24T18:21:20","slug":"siria-felicita-al-pueblo-y-al-gobierno-de-tunez-por-el-exito-de-las-elecciones-presidenciales","status":"publish","type":"post","link":"https:\/\/archive.sana.sy\/es\/?p=14835","title":{"rendered":"Siria felicita al pueblo y al gobierno de T\u00fanez por el \u00e9xito de las elecciones presidenciales"},"content":{"rendered":"<p>Damasco, SANA<br \/>\nSiria expres\u00f3 sus felicitaciones a T\u00fanez (presidente, gobierno y pueblo), por el \u00e9xito de las elecciones presidenciales, y esper\u00f3 que las mismas constituyan un paso importante para la recuperaci\u00f3n del activo rol de T\u00fanez a nivel \u00e1rabe.<\/p>\n<p>Una fuente oficial del ministerio de Exteriores y Expatriados declar\u00f3 que &#8220;la Rep\u00fablica \u00c1rabe Siria expresa sus sinceras felicitaciones al presidente, al gobierno y al pueblo de T\u00fanez por el \u00e9xito de la elecci\u00f3n presidencial, en la que el pueblo tunecino determin\u00f3 sus aspiraciones con claridad&#8221;.<\/p>\n<p>La fuente agreg\u00f3 que &#8220;Siria espera que estas elecciones sean un paso importante hacia la consolidaci\u00f3n de la estabilidad y lograr la prosperidad en el hermano T\u00fanez&#8221;.<\/p>\n<p>Cabe resaltar que el \u00d3rgano Supremo para las Elecciones Presidenciales de T\u00fanez hab\u00eda anunciado el lunes, la victoria de Beji Caid Essebsi como presidente de la Rep\u00fablica de T\u00fanez para los pr\u00f3ximos cinco a\u00f1os, con 55.68% de los votos.<br \/>\nFady M., Lynn A.<\/p>\n","protected":false},"excerpt":{"rendered":"<p>Damasco, SANA Siria expres\u00f3 sus felicitaciones a T\u00fanez (presidente, gobierno y pueblo), por el \u00e9xito de las elecciones presidenciales, y esper\u00f3 que las mismas constituyan un paso importante para la recuperaci\u00f3n del activo rol de T\u00fanez a nivel \u00e1rabe. Una fuente oficial del ministerio de Exteriores y Expatriados declar\u00f3 que &#8220;la Rep\u00fablica \u00c1rabe Siria expresa &hellip;<\/p>\n","protected":false},"author":24,"featured_media":8197,"comment_status":"closed","ping_status":"closed","sticky":false,"template":"","format":"standard","meta":{"footnotes":""},"categories":[477,597,476],"tags":[3370],"class_list":["post-14835","post","type-post","status-publish","format-standard","has-post-thumbnail","","category-noticias-edulcorantes","category-cinta-de-noticias","category-locales","tag-siria-felicita-al-pueblo-y-al-gobierno-de-tunez-por-el-exito-de-las-elecciones-presidenciales"],"_links":{"self":[{"href":"https:\/\/archive.sana.sy\/es\/index.php?rest_route=\/wp\/v2\/posts\/14835"}],"collection":[{"href":"https:\/\/archive.sana.sy\/es\/index.php?rest_route=\/wp\/v2\/posts"}],"about":[{"href":"https:\/\/archive.sana.sy\/es\/index.php?rest_route=\/wp\/v2\/types\/post"}],"author":[{"embeddable":true,"href":"https:\/\/archive.sana.sy\/es\/index.php?rest_route=\/wp\/v2\/users\/24"}],"replies":[{"embeddable":true,"href":"https:\/\/archive.sana.sy\/es\/index.php?rest_route=%2Fwp%2Fv2%2Fcomments&post=14835"}],"version-history":[{"count":0,"href":"https:\/\/archive.sana.sy\/es\/index.php?rest_route=\/wp\/v2\/posts\/14835\/revisions"}],"wp:featuredmedia":[{"embeddable":true,"href":"https:\/\/archive.sana.sy\/es\/index.php?rest_route=\/wp\/v2\/media\/8197"}],"wp:attachment":[{"href":"https:\/\/archive.sana.sy\/es\/index.php?rest_route=%2Fwp%2Fv2%2Fmedia&parent=14835"}],"wp:term":[{"taxonomy":"category","embeddable":true,"href":"https:\/\/archive.sana.sy\/es\/index.php?rest_route=%2Fwp%2Fv2%2Fcategories&post=14835"},{"taxonomy":"post_tag","embeddable":true,"href":"https:\/\/archive.sana.sy\/es\/index.php?rest_route=%2Fwp%2Fv2%2Ftags&post=14835"}],"curies":[{"name":"wp","href":"https:\/\/api.w.org\/{rel}","templated":true}]}}