{"id":14839,"date":"2014-12-23T13:19:50","date_gmt":"2014-12-23T11:19:50","guid":{"rendered":"http:\/\/www.sana.sy\/es\/?p=14839"},"modified":"2014-12-23T13:19:50","modified_gmt":"2014-12-23T11:19:50","slug":"terroristas-del-ei-masacran-a-seis-personas-en-un-poblado-de-deir-ezzor","status":"publish","type":"post","link":"https:\/\/archive.sana.sy\/es\/?p=14839","title":{"rendered":"Terroristas del EI masacran a seis personas en un poblado de Deir Ezzor"},"content":{"rendered":"<div><span style=\"color: #ff0000\">Deir Ezzor, SANA<\/span><\/div>\n<div><\/div>\n<div><span lang=\"ES-TRAD\">Extremistas de la organizaci\u00f3n terrorista del Estado Isl\u00e1mico ejecutaron y mutilaron a seis personas, en la localidad de Sebekhan en la provincia oriental de Deir Ezzor.<\/span><\/div>\n<div><\/div>\n<div><span lang=\"ES-TRAD\">Seg\u00fan fuentes locales, los terroristas masacraron y crucificaron a seis vecinos de los poblados de Sebekhan y al-Dweer, quienes hab\u00edan chocado con los terroristas del EI hace tres d\u00edas.<\/span><\/div>\n<div><\/div>\n<div><span lang=\"ES-TRAD\">Los habitantes de los dos mencionados poblados se hab\u00edan enfrentados el s\u00e1bado con los terroristas del EI a ra\u00edz del secuestro de estos \u00faltimos a varias mujeres.<\/span><\/div>\n<div><\/div>\n<div><span style=\"color: #00ccff\">Fady M., Hala B.<\/span><\/div>\n<div class=\"yj6qo ajU\">\n<div id=\":12b\" class=\"ajR\"><img decoding=\"async\" class=\"ajT\" src=\"https:\/\/ssl.gstatic.com\/ui\/v1\/icons\/mail\/images\/cleardot.gif\" alt=\"\" \/><\/div>\n<\/div>\n","protected":false},"excerpt":{"rendered":"<p>Deir Ezzor, SANA Extremistas de la organizaci\u00f3n terrorista del Estado Isl\u00e1mico ejecutaron y mutilaron a seis personas, en la localidad de Sebekhan en la provincia oriental de Deir Ezzor. Seg\u00fan fuentes locales, los terroristas masacraron y crucificaron a seis vecinos de los poblados de Sebekhan y al-Dweer, quienes hab\u00edan chocado con los terroristas del EI &hellip;<\/p>\n","protected":false},"author":1,"featured_media":14840,"comment_status":"closed","ping_status":"closed","sticky":false,"template":"","format":"standard","meta":{"footnotes":""},"categories":[597],"tags":[3371],"class_list":["post-14839","post","type-post","status-publish","format-standard","has-post-thumbnail","","category-cinta-de-noticias","tag-terroristas-del-ei-masacran-a-seis-personas-en-un-poblado-de-deir-ezzor"],"_links":{"self":[{"href":"https:\/\/archive.sana.sy\/es\/index.php?rest_route=\/wp\/v2\/posts\/14839"}],"collection":[{"href":"https:\/\/archive.sana.sy\/es\/index.php?rest_route=\/wp\/v2\/posts"}],"about":[{"href":"https:\/\/archive.sana.sy\/es\/index.php?rest_route=\/wp\/v2\/types\/post"}],"author":[{"embeddable":true,"href":"https:\/\/archive.sana.sy\/es\/index.php?rest_route=\/wp\/v2\/users\/1"}],"replies":[{"embeddable":true,"href":"https:\/\/archive.sana.sy\/es\/index.php?rest_route=%2Fwp%2Fv2%2Fcomments&post=14839"}],"version-history":[{"count":0,"href":"https:\/\/archive.sana.sy\/es\/index.php?rest_route=\/wp\/v2\/posts\/14839\/revisions"}],"wp:featuredmedia":[{"embeddable":true,"href":"https:\/\/archive.sana.sy\/es\/index.php?rest_route=\/wp\/v2\/media\/14840"}],"wp:attachment":[{"href":"https:\/\/archive.sana.sy\/es\/index.php?rest_route=%2Fwp%2Fv2%2Fmedia&parent=14839"}],"wp:term":[{"taxonomy":"category","embeddable":true,"href":"https:\/\/archive.sana.sy\/es\/index.php?rest_route=%2Fwp%2Fv2%2Fcategories&post=14839"},{"taxonomy":"post_tag","embeddable":true,"href":"https:\/\/archive.sana.sy\/es\/index.php?rest_route=%2Fwp%2Fv2%2Ftags&post=14839"}],"curies":[{"name":"wp","href":"https:\/\/api.w.org\/{rel}","templated":true}]}}