{"id":14844,"date":"2014-12-23T14:14:30","date_gmt":"2014-12-23T12:14:30","guid":{"rendered":"http:\/\/www.sana.sy\/es\/?p=14844"},"modified":"2014-12-23T14:14:30","modified_gmt":"2014-12-23T12:14:30","slug":"muere-un-ciudadano-por-disparos-de-un-francotirador-en-la-zona-de-harasta","status":"publish","type":"post","link":"https:\/\/archive.sana.sy\/es\/?p=14844","title":{"rendered":"Muere un ciudadano por disparos de un francotirador en la zona de Harasta"},"content":{"rendered":"<div><span style=\"color: #ff0000\">Damasco campo, SANA<\/span><\/div>\n<div><\/div>\n<div><span lang=\"ES-TRAD\">Un ciudadano fue abatido por disparos de un francotirador terrorista en la zona de Harasta, cerca de Damasco.\u00a0<\/span><\/div>\n<div><\/div>\n<div><span lang=\"ES-TRAD\">Una fuente en la comandancia de polic\u00eda inform\u00f3 que un francotirador terrorista abri\u00f3 fuego contra un autob\u00fas en la entrada norte de Damasco, dejando muerto a un civil.<\/span><\/div>\n<p><span lang=\"ES-TRAD\">Cabe resaltar que elementos de organizaciones extremistas y terroristas se desplieguen en las granjas de\u00a0 Harasta, paralelas a la autopista Damasco-Alepo<\/span><\/p>\n<p><span style=\"color: #00ccff\">Hala B., Fady M.<\/span><\/p>\n","protected":false},"excerpt":{"rendered":"<p>Damasco campo, SANA Un ciudadano fue abatido por disparos de un francotirador terrorista en la zona de Harasta, cerca de Damasco.\u00a0 Una fuente en la comandancia de polic\u00eda inform\u00f3 que un francotirador terrorista abri\u00f3 fuego contra un autob\u00fas en la entrada norte de Damasco, dejando muerto a un civil. Cabe resaltar que elementos de organizaciones &hellip;<\/p>\n","protected":false},"author":1,"featured_media":14845,"comment_status":"closed","ping_status":"closed","sticky":false,"template":"","format":"standard","meta":{"footnotes":""},"categories":[476],"tags":[3373],"class_list":["post-14844","post","type-post","status-publish","format-standard","has-post-thumbnail","","category-locales","tag-muere-un-ciudadano-por-disparos-de-un-francotirador-en-la-zona-de-harasta"],"_links":{"self":[{"href":"https:\/\/archive.sana.sy\/es\/index.php?rest_route=\/wp\/v2\/posts\/14844"}],"collection":[{"href":"https:\/\/archive.sana.sy\/es\/index.php?rest_route=\/wp\/v2\/posts"}],"about":[{"href":"https:\/\/archive.sana.sy\/es\/index.php?rest_route=\/wp\/v2\/types\/post"}],"author":[{"embeddable":true,"href":"https:\/\/archive.sana.sy\/es\/index.php?rest_route=\/wp\/v2\/users\/1"}],"replies":[{"embeddable":true,"href":"https:\/\/archive.sana.sy\/es\/index.php?rest_route=%2Fwp%2Fv2%2Fcomments&post=14844"}],"version-history":[{"count":0,"href":"https:\/\/archive.sana.sy\/es\/index.php?rest_route=\/wp\/v2\/posts\/14844\/revisions"}],"wp:featuredmedia":[{"embeddable":true,"href":"https:\/\/archive.sana.sy\/es\/index.php?rest_route=\/wp\/v2\/media\/14845"}],"wp:attachment":[{"href":"https:\/\/archive.sana.sy\/es\/index.php?rest_route=%2Fwp%2Fv2%2Fmedia&parent=14844"}],"wp:term":[{"taxonomy":"category","embeddable":true,"href":"https:\/\/archive.sana.sy\/es\/index.php?rest_route=%2Fwp%2Fv2%2Fcategories&post=14844"},{"taxonomy":"post_tag","embeddable":true,"href":"https:\/\/archive.sana.sy\/es\/index.php?rest_route=%2Fwp%2Fv2%2Ftags&post=14844"}],"curies":[{"name":"wp","href":"https:\/\/api.w.org\/{rel}","templated":true}]}}