{"id":14850,"date":"2014-12-23T15:32:40","date_gmt":"2014-12-23T13:32:40","guid":{"rendered":"http:\/\/www.sana.sy\/es\/?p=14850"},"modified":"2014-12-23T15:32:40","modified_gmt":"2014-12-23T13:32:40","slug":"fuerzas-aerea-iraqui-bombardea-varios-sitios-de-la-organizacion-terrorista-del-ei","status":"publish","type":"post","link":"https:\/\/archive.sana.sy\/es\/?p=14850","title":{"rendered":"Fuerzas a\u00e9rea iraqu\u00ed bombardea varios sitios de la organizaci\u00f3n terrorista del EI"},"content":{"rendered":"<div><span style=\"color: #ff0000\">Bagdad, SANA<\/span><\/div>\n<div><\/div>\n<div><span lang=\"ES-TRAD\">La fuerza a\u00e9rea iraqu\u00ed lanz\u00f3 varios ataques a\u00e9reos contra sitios y convoyes de la organizaci\u00f3n terrorista del &#8220;Estado Isl\u00e1mico&#8221; en las provincias de Anbar y Ninawa, en el oeste y norte de Irak.<\/span><\/div>\n<div><\/div>\n<div><span lang=\"ES-TRAD\">Los ataques a\u00e9reos dejaron a decenas de terroristas entre muertos o heridos, adem\u00e1s de colosales p\u00e9rdidas en sus armas y veh\u00edculos.<\/span><\/div>\n<div><\/div>\n<div><span lang=\"ES-TRAD\">En la capital iraqu\u00ed Bagdad, el ministerio del Interior anunci\u00f3 la detenci\u00f3n de la banda criminal m\u00e1s peligrosa que aterrorizaba a los residentes de la capital, con sus cr\u00edmenes de secuestro, robo y chantaje.<\/span><\/div>\n<div><\/div>\n<div><span lang=\"ES-TRAD\">Cabe resaltar que las fuerzas armadas iraqu\u00edes hab\u00edan liberada varias zonas de los terroristas del EI, en particular en las provincias de Anbar y Salahuddin.<\/span><\/div>\n<div><\/div>\n<div><span style=\"color: #00ccff\">Fady M., Hala B.<\/span><\/div>\n<div class=\"yj6qo ajU\">\n<div id=\":137\" class=\"ajR\"><img decoding=\"async\" class=\"ajT\" src=\"https:\/\/ssl.gstatic.com\/ui\/v1\/icons\/mail\/images\/cleardot.gif\" alt=\"\" \/><\/div>\n<\/div>\n","protected":false},"excerpt":{"rendered":"<p>Bagdad, SANA La fuerza a\u00e9rea iraqu\u00ed lanz\u00f3 varios ataques a\u00e9reos contra sitios y convoyes de la organizaci\u00f3n terrorista del &#8220;Estado Isl\u00e1mico&#8221; en las provincias de Anbar y Ninawa, en el oeste y norte de Irak. Los ataques a\u00e9reos dejaron a decenas de terroristas entre muertos o heridos, adem\u00e1s de colosales p\u00e9rdidas en sus armas y &hellip;<\/p>\n","protected":false},"author":1,"featured_media":14851,"comment_status":"closed","ping_status":"closed","sticky":false,"template":"","format":"standard","meta":{"footnotes":""},"categories":[597,456],"tags":[3375],"class_list":["post-14850","post","type-post","status-publish","format-standard","has-post-thumbnail","","category-cinta-de-noticias","category-arabe-internacional-politica","tag-fuerzas-aerea-iraqui-bombardea-varios-sitios-de-la-organizacion-terrorista-del-ei"],"_links":{"self":[{"href":"https:\/\/archive.sana.sy\/es\/index.php?rest_route=\/wp\/v2\/posts\/14850"}],"collection":[{"href":"https:\/\/archive.sana.sy\/es\/index.php?rest_route=\/wp\/v2\/posts"}],"about":[{"href":"https:\/\/archive.sana.sy\/es\/index.php?rest_route=\/wp\/v2\/types\/post"}],"author":[{"embeddable":true,"href":"https:\/\/archive.sana.sy\/es\/index.php?rest_route=\/wp\/v2\/users\/1"}],"replies":[{"embeddable":true,"href":"https:\/\/archive.sana.sy\/es\/index.php?rest_route=%2Fwp%2Fv2%2Fcomments&post=14850"}],"version-history":[{"count":0,"href":"https:\/\/archive.sana.sy\/es\/index.php?rest_route=\/wp\/v2\/posts\/14850\/revisions"}],"wp:featuredmedia":[{"embeddable":true,"href":"https:\/\/archive.sana.sy\/es\/index.php?rest_route=\/wp\/v2\/media\/14851"}],"wp:attachment":[{"href":"https:\/\/archive.sana.sy\/es\/index.php?rest_route=%2Fwp%2Fv2%2Fmedia&parent=14850"}],"wp:term":[{"taxonomy":"category","embeddable":true,"href":"https:\/\/archive.sana.sy\/es\/index.php?rest_route=%2Fwp%2Fv2%2Fcategories&post=14850"},{"taxonomy":"post_tag","embeddable":true,"href":"https:\/\/archive.sana.sy\/es\/index.php?rest_route=%2Fwp%2Fv2%2Ftags&post=14850"}],"curies":[{"name":"wp","href":"https:\/\/api.w.org\/{rel}","templated":true}]}}