{"id":14857,"date":"2014-12-23T17:09:40","date_gmt":"2014-12-23T15:09:40","guid":{"rendered":"http:\/\/www.sana.sy\/es\/?p=14857"},"modified":"2014-12-23T17:09:40","modified_gmt":"2014-12-23T15:09:40","slug":"asamblea-del-pueblo-debate-temas-relativos-al-trabajo-del-ministerio-del-interior","status":"publish","type":"post","link":"https:\/\/archive.sana.sy\/es\/?p=14857","title":{"rendered":"Asamblea del Pueblo debate temas relativos al trabajo del ministerio del Interior"},"content":{"rendered":"<p>Damasco, SANA<br \/>\nEl ministro del Interior, el mayor general Mohamad al-Shaar, puso a los diputados de la Asamblea del Pueblo al tanto de varios asuntos de inter\u00e9s p\u00fablico, especialmente los temas relativos a la emisi\u00f3n de pasaportes y c\u00e9dulas de identidad, adem\u00e1s del aumento salarial a los efectivos de polic\u00eda y fuerzas de seguridad interna.<\/p>\n<p>El titular del Interior explic\u00f3 a los diputados que de conformidad con el decreto No. 1 para el a\u00f1o 2012, se han igualado los sueldos y las compensaciones de los militares del ej\u00e9rcito y de las fuerzas de seguridad interna.<\/p>\n<p>Asimismo, aclar\u00f3 que el hecho de incluir al Ministerio del Interior en el sistema de seguros sociales necesita varias enmiendas legislativas.<\/p>\n<p>El general al-Shaar continu\u00f3 que su ministerio est\u00e1 adoptando firmes medidas en materia de perseguir a los criminales.<\/p>\n<p>Tambi\u00e9n revel\u00f3 que su ministerio trabaja actualmente para establecer un nuevo sistema de emisi\u00f3n de c\u00e9dulas de identidad.<br \/>\nLynn A., Fady M.<\/p>\n","protected":false},"excerpt":{"rendered":"<p>Damasco, SANA El ministro del Interior, el mayor general Mohamad al-Shaar, puso a los diputados de la Asamblea del Pueblo al tanto de varios asuntos de inter\u00e9s p\u00fablico, especialmente los temas relativos a la emisi\u00f3n de pasaportes y c\u00e9dulas de identidad, adem\u00e1s del aumento salarial a los efectivos de polic\u00eda y fuerzas de seguridad interna. &hellip;<\/p>\n","protected":false},"author":24,"featured_media":14858,"comment_status":"closed","ping_status":"closed","sticky":false,"template":"","format":"standard","meta":{"footnotes":""},"categories":[477,597,476],"tags":[3377],"class_list":["post-14857","post","type-post","status-publish","format-standard","has-post-thumbnail","","category-noticias-edulcorantes","category-cinta-de-noticias","category-locales","tag-asamblea-del-pueblo-debate-temas-relativos-al-trabajo-del-ministerio-del-interior"],"_links":{"self":[{"href":"https:\/\/archive.sana.sy\/es\/index.php?rest_route=\/wp\/v2\/posts\/14857"}],"collection":[{"href":"https:\/\/archive.sana.sy\/es\/index.php?rest_route=\/wp\/v2\/posts"}],"about":[{"href":"https:\/\/archive.sana.sy\/es\/index.php?rest_route=\/wp\/v2\/types\/post"}],"author":[{"embeddable":true,"href":"https:\/\/archive.sana.sy\/es\/index.php?rest_route=\/wp\/v2\/users\/24"}],"replies":[{"embeddable":true,"href":"https:\/\/archive.sana.sy\/es\/index.php?rest_route=%2Fwp%2Fv2%2Fcomments&post=14857"}],"version-history":[{"count":0,"href":"https:\/\/archive.sana.sy\/es\/index.php?rest_route=\/wp\/v2\/posts\/14857\/revisions"}],"wp:featuredmedia":[{"embeddable":true,"href":"https:\/\/archive.sana.sy\/es\/index.php?rest_route=\/wp\/v2\/media\/14858"}],"wp:attachment":[{"href":"https:\/\/archive.sana.sy\/es\/index.php?rest_route=%2Fwp%2Fv2%2Fmedia&parent=14857"}],"wp:term":[{"taxonomy":"category","embeddable":true,"href":"https:\/\/archive.sana.sy\/es\/index.php?rest_route=%2Fwp%2Fv2%2Fcategories&post=14857"},{"taxonomy":"post_tag","embeddable":true,"href":"https:\/\/archive.sana.sy\/es\/index.php?rest_route=%2Fwp%2Fv2%2Ftags&post=14857"}],"curies":[{"name":"wp","href":"https:\/\/api.w.org\/{rel}","templated":true}]}}