{"id":14867,"date":"2014-12-23T19:29:01","date_gmt":"2014-12-23T17:29:01","guid":{"rendered":"http:\/\/www.sana.sy\/es\/?p=14867"},"modified":"2014-12-23T22:19:11","modified_gmt":"2014-12-23T20:19:11","slug":"meqdad-otorga-a-komahmedov-orden-del-merito","status":"publish","type":"post","link":"https:\/\/archive.sana.sy\/es\/?p=14867","title":{"rendered":"Mekdad otorga la Orden del M\u00e9rito a Komahmedov"},"content":{"rendered":"<p style=\"text-align: justify\"><span style=\"color: #800000\">Damasco, SANA<\/span><\/p>\n<p style=\"text-align: justify\">El Ministerio de Relaciones Exteriores y de Expatriados realiz\u00f3 un acto de despedida en el Hotel \u201cFour Seasons\u201d en Damasco al embajador de la Federaci\u00f3n de Rusia, Azmatullah Komahmedov en motivo de terminar su misi\u00f3n para la Rep\u00fablica \u00c1rabe Siria.<\/p>\n<p style=\"text-align: justify\"><a href=\"http:\/\/www.sana.sy\/es\/wp-content\/uploads\/2014\/12\/17.jpg\"><img loading=\"lazy\" decoding=\"async\" class=\" size-medium wp-image-14869 alignleft\" src=\"http:\/\/www.sana.sy\/es\/wp-content\/uploads\/2014\/12\/17-300x200.jpg\" alt=\"1\" width=\"300\" height=\"200\" srcset=\"https:\/\/archive.sana.sy\/es\/wp-content\/uploads\/2014\/12\/17-300x200.jpg 300w, https:\/\/archive.sana.sy\/es\/wp-content\/uploads\/2014\/12\/17-150x100.jpg 150w, https:\/\/archive.sana.sy\/es\/wp-content\/uploads\/2014\/12\/17.jpg 305w\" sizes=\"(max-width: 300px) 100vw, 300px\" \/><\/a><\/p>\n<p style=\"text-align: justify\">El vicecanciller Faisal Al-Mekdad le otorg\u00f3 al embajador ruso la Orden de M\u00e9rito de excelencia en reconocimiento de sus grandes esfuerzos en fortalecer las relaciones bilaterales entre ambos pa\u00edses.<\/p>\n<p style=\"text-align: justify\">En su discurso durante la ceremonia, Mekdad destac\u00f3 lo llevado a cabo por Komahmedo durante la crisis, expresando que \u201cesta es nuestra misi\u00f3n y la de todos los embajadores en el marco de sus responsabilidades para fortalecer las relaciones entre nuestros pa\u00edses, es entonces, cuando el mundo ser\u00e1 mejor en el futuro\u201d.<\/p>\n<p style=\"text-align: justify\">Y agreg\u00f3 que Siria, tanto liderazgo como pueblo, aprecian altamente lo que ha hecho el Embajador ruso en el marco de su misi\u00f3n diplom\u00e1tica.<\/p>\n<p style=\"text-align: justify\">A su vez, Azmatullah Komahmedo expres\u00f3 su esperanza de que el pueblo de Siria vuelva a vivir en seguridad y paz y que siga el di\u00e1logo conjunto para llegar a una soluci\u00f3n de la crisis, confirmando que Siria saldr\u00e1 victoriosa contra este feroz ataque que experimenta a manos del terrorismo internacional.<\/p>\n<p style=\"text-align: justify\">El alto funcionario ruso, tambi\u00e9n, destac\u00f3 las excelentes relaciones que unen la Embajada de Rusia con la Canciller\u00eda de Siria y las otras instituciones de este pa\u00eds, aclarando que \u201ceste tipo de cooperaci\u00f3n y coordinaci\u00f3n pol\u00edtica constituye un paradigma que debe ser ampliado en las relaciones internacionales en general\u201d.<\/p>\n<p style=\"text-align: justify\"><span style=\"color: #0000ff\">Ghifar Al Ali &amp; Riyad Sh.<\/span><\/p>\n","protected":false},"excerpt":{"rendered":"<p>Damasco, SANA El Ministerio de Relaciones Exteriores y de Expatriados realiz\u00f3 un acto de despedida en el Hotel \u201cFour Seasons\u201d en Damasco al embajador de la Federaci\u00f3n de Rusia, Azmatullah Komahmedov en motivo de terminar su misi\u00f3n para la Rep\u00fablica \u00c1rabe Siria. El vicecanciller Faisal Al-Mekdad le otorg\u00f3 al embajador ruso la Orden de M\u00e9rito &hellip;<\/p>\n","protected":false},"author":1,"featured_media":14868,"comment_status":"closed","ping_status":"closed","sticky":false,"template":"","format":"standard","meta":{"footnotes":""},"categories":[477,597,476],"tags":[3385],"class_list":["post-14867","post","type-post","status-publish","format-standard","has-post-thumbnail","","category-noticias-edulcorantes","category-cinta-de-noticias","category-locales","tag-mekdad-otorga-la-orden-del-merito-a-komahmedov"],"_links":{"self":[{"href":"https:\/\/archive.sana.sy\/es\/index.php?rest_route=\/wp\/v2\/posts\/14867"}],"collection":[{"href":"https:\/\/archive.sana.sy\/es\/index.php?rest_route=\/wp\/v2\/posts"}],"about":[{"href":"https:\/\/archive.sana.sy\/es\/index.php?rest_route=\/wp\/v2\/types\/post"}],"author":[{"embeddable":true,"href":"https:\/\/archive.sana.sy\/es\/index.php?rest_route=\/wp\/v2\/users\/1"}],"replies":[{"embeddable":true,"href":"https:\/\/archive.sana.sy\/es\/index.php?rest_route=%2Fwp%2Fv2%2Fcomments&post=14867"}],"version-history":[{"count":0,"href":"https:\/\/archive.sana.sy\/es\/index.php?rest_route=\/wp\/v2\/posts\/14867\/revisions"}],"wp:featuredmedia":[{"embeddable":true,"href":"https:\/\/archive.sana.sy\/es\/index.php?rest_route=\/wp\/v2\/media\/14868"}],"wp:attachment":[{"href":"https:\/\/archive.sana.sy\/es\/index.php?rest_route=%2Fwp%2Fv2%2Fmedia&parent=14867"}],"wp:term":[{"taxonomy":"category","embeddable":true,"href":"https:\/\/archive.sana.sy\/es\/index.php?rest_route=%2Fwp%2Fv2%2Fcategories&post=14867"},{"taxonomy":"post_tag","embeddable":true,"href":"https:\/\/archive.sana.sy\/es\/index.php?rest_route=%2Fwp%2Fv2%2Ftags&post=14867"}],"curies":[{"name":"wp","href":"https:\/\/api.w.org\/{rel}","templated":true}]}}