{"id":148987,"date":"2020-08-08T14:04:03","date_gmt":"2020-08-08T11:04:03","guid":{"rendered":"http:\/\/sana.sy\/es\/?p=148987"},"modified":"2020-08-09T14:03:28","modified_gmt":"2020-08-09T11:03:28","slug":"al-menos-43-sirios-murieron-en-la-explosion-del-puerto-de-beirut","status":"publish","type":"post","link":"https:\/\/archive.sana.sy\/es\/?p=148987","title":{"rendered":"Al menos 43 sirios murieron en la explosi\u00f3n del puerto de Beirut"},"content":{"rendered":"<p style=\"text-align: justify;\"><span style=\"color: #800000;\"><strong>Beirut, SANA<\/strong><\/span><\/p>\n<p style=\"text-align: justify;\">La embajada de Siria en Beirut anunci\u00f3 hoy que al menos 43 sirios perdieron la vida por la explosi\u00f3n en el puerto de Beirut, ocurrida el pasado martes.<\/p>\n<p style=\"text-align: justify;\">En un comunicado, la misi\u00f3n diplom\u00e1tica inform\u00f3 que esta cifra es preliminar e indic\u00f3 que facilit\u00f3 el traslado de los cuerpos de las v\u00edctimas a Siria y ayud\u00f3 en el entierro de otros en el L\u00edbano.<\/p>\n<p style=\"text-align: justify;\">La nota asegura que la embajada est\u00e1 coordinando con la parte libanesa para conocer sobre las personas sirias que a\u00fan siguen desaparecidos.<\/p>\n<p style=\"text-align: justify;\">Asimismo, expres\u00f3 sus m\u00e1s sinceras condolencias a las familias de los muertos y su deseo de pronta recuperaci\u00f3n a los heridos.<\/p>\n<p style=\"text-align: justify;\"><span style=\"color: #0000ff;\"><strong>F.M\/W.S<\/strong><\/span><\/p>\n","protected":false},"excerpt":{"rendered":"<p>Beirut, SANA La embajada de Siria en Beirut anunci\u00f3 hoy que al menos 43 sirios perdieron la vida por la explosi\u00f3n en el puerto de Beirut, ocurrida el pasado martes. En un comunicado, la misi\u00f3n diplom\u00e1tica inform\u00f3 que esta cifra es preliminar e indic\u00f3 que facilit\u00f3 el traslado de los cuerpos de las v\u00edctimas a &hellip;<\/p>\n","protected":false},"author":35,"featured_media":148988,"comment_status":"closed","ping_status":"closed","sticky":false,"template":"","format":"standard","meta":{"footnotes":""},"categories":[597,467],"tags":[],"class_list":["post-148987","post","type-post","status-publish","format-standard","has-post-thumbnail","","category-cinta-de-noticias","category-siria-y-el-mundo"],"_links":{"self":[{"href":"https:\/\/archive.sana.sy\/es\/index.php?rest_route=\/wp\/v2\/posts\/148987"}],"collection":[{"href":"https:\/\/archive.sana.sy\/es\/index.php?rest_route=\/wp\/v2\/posts"}],"about":[{"href":"https:\/\/archive.sana.sy\/es\/index.php?rest_route=\/wp\/v2\/types\/post"}],"author":[{"embeddable":true,"href":"https:\/\/archive.sana.sy\/es\/index.php?rest_route=\/wp\/v2\/users\/35"}],"replies":[{"embeddable":true,"href":"https:\/\/archive.sana.sy\/es\/index.php?rest_route=%2Fwp%2Fv2%2Fcomments&post=148987"}],"version-history":[{"count":0,"href":"https:\/\/archive.sana.sy\/es\/index.php?rest_route=\/wp\/v2\/posts\/148987\/revisions"}],"wp:featuredmedia":[{"embeddable":true,"href":"https:\/\/archive.sana.sy\/es\/index.php?rest_route=\/wp\/v2\/media\/148988"}],"wp:attachment":[{"href":"https:\/\/archive.sana.sy\/es\/index.php?rest_route=%2Fwp%2Fv2%2Fmedia&parent=148987"}],"wp:term":[{"taxonomy":"category","embeddable":true,"href":"https:\/\/archive.sana.sy\/es\/index.php?rest_route=%2Fwp%2Fv2%2Fcategories&post=148987"},{"taxonomy":"post_tag","embeddable":true,"href":"https:\/\/archive.sana.sy\/es\/index.php?rest_route=%2Fwp%2Fv2%2Ftags&post=148987"}],"curies":[{"name":"wp","href":"https:\/\/api.w.org\/{rel}","templated":true}]}}