{"id":14899,"date":"2014-12-24T00:55:57","date_gmt":"2014-12-23T22:55:57","guid":{"rendered":"http:\/\/www.sana.sy\/es\/?p=14899"},"modified":"2014-12-24T00:57:02","modified_gmt":"2014-12-23T22:57:02","slug":"el-embajador-sirio-en-el-libano-el-terrorismo-amenaza-a-todo-el-mundo","status":"publish","type":"post","link":"https:\/\/archive.sana.sy\/es\/?p=14899","title":{"rendered":"El embajador sirio en el L\u00edbano: \u201cEl terrorismo amenaza a todo el mundo\u201d"},"content":{"rendered":"<p style=\"text-align: justify\"><span style=\"color: #800000\">Beirut, SANA<\/span><\/p>\n<p style=\"text-align: justify\">El presidente del Bloque de Cambio y Reforma de la C\u00e1mara de Diputados liban\u00e9s, el general Michel Aoun, discuti\u00f3 con el embajador sirio en el L\u00edbano, Ali Abdulkarim, los \u00faltimos acontecimientos en la regi\u00f3n y las relaciones entre Siria y el L\u00edbano.<\/p>\n<p style=\"text-align: justify\">En una declaraci\u00f3n dada despu\u00e9s de la reuni\u00f3n, el Embajador sirio dijo que la soluci\u00f3n de la crisis en Siria radica en la reconciliaci\u00f3n y la confrontaci\u00f3n del terrorismo.<\/p>\n<p style=\"text-align: justify\">El funcionario Abdulkarim subray\u00f3 que la mayor\u00eda de los sirios quieren sentarse a la mesa del di\u00e1logo para llegar a una soluci\u00f3n de la crisis en la naci\u00f3n.<\/p>\n<p style=\"text-align: justify\">Asimismo expres\u00f3 que todo el mundo est\u00e1 revisando su postura con respecto al terrorismo que lo amenaza.<\/p>\n<p style=\"text-align: justify\"><span style=\"color: #0000ff\">Ghifar Al Ali<\/span><\/p>\n","protected":false},"excerpt":{"rendered":"<p>Beirut, SANA El presidente del Bloque de Cambio y Reforma de la C\u00e1mara de Diputados liban\u00e9s, el general Michel Aoun, discuti\u00f3 con el embajador sirio en el L\u00edbano, Ali Abdulkarim, los \u00faltimos acontecimientos en la regi\u00f3n y las relaciones entre Siria y el L\u00edbano. En una declaraci\u00f3n dada despu\u00e9s de la reuni\u00f3n, el Embajador sirio &hellip;<\/p>\n","protected":false},"author":1,"featured_media":14900,"comment_status":"closed","ping_status":"closed","sticky":false,"template":"","format":"standard","meta":{"footnotes":""},"categories":[597],"tags":[3391],"class_list":["post-14899","post","type-post","status-publish","format-standard","has-post-thumbnail","","category-cinta-de-noticias","tag-el-embajador-sirio-en-el-libano-el-terrorismo-amenaza-a-todo-el-mundo"],"_links":{"self":[{"href":"https:\/\/archive.sana.sy\/es\/index.php?rest_route=\/wp\/v2\/posts\/14899"}],"collection":[{"href":"https:\/\/archive.sana.sy\/es\/index.php?rest_route=\/wp\/v2\/posts"}],"about":[{"href":"https:\/\/archive.sana.sy\/es\/index.php?rest_route=\/wp\/v2\/types\/post"}],"author":[{"embeddable":true,"href":"https:\/\/archive.sana.sy\/es\/index.php?rest_route=\/wp\/v2\/users\/1"}],"replies":[{"embeddable":true,"href":"https:\/\/archive.sana.sy\/es\/index.php?rest_route=%2Fwp%2Fv2%2Fcomments&post=14899"}],"version-history":[{"count":0,"href":"https:\/\/archive.sana.sy\/es\/index.php?rest_route=\/wp\/v2\/posts\/14899\/revisions"}],"wp:featuredmedia":[{"embeddable":true,"href":"https:\/\/archive.sana.sy\/es\/index.php?rest_route=\/wp\/v2\/media\/14900"}],"wp:attachment":[{"href":"https:\/\/archive.sana.sy\/es\/index.php?rest_route=%2Fwp%2Fv2%2Fmedia&parent=14899"}],"wp:term":[{"taxonomy":"category","embeddable":true,"href":"https:\/\/archive.sana.sy\/es\/index.php?rest_route=%2Fwp%2Fv2%2Fcategories&post=14899"},{"taxonomy":"post_tag","embeddable":true,"href":"https:\/\/archive.sana.sy\/es\/index.php?rest_route=%2Fwp%2Fv2%2Ftags&post=14899"}],"curies":[{"name":"wp","href":"https:\/\/api.w.org\/{rel}","templated":true}]}}