{"id":14906,"date":"2014-12-24T12:41:00","date_gmt":"2014-12-24T10:41:00","guid":{"rendered":"http:\/\/www.sana.sy\/es\/?p=14906"},"modified":"2014-12-24T12:43:16","modified_gmt":"2014-12-24T10:43:16","slug":"moscu-una-reunion-entre-representantes-del-gobierno-sirio-y-de-la-oposicion-a-finales-del-proximo-mes-en-moscu","status":"publish","type":"post","link":"https:\/\/archive.sana.sy\/es\/?p=14906","title":{"rendered":"Rusia: una reuni\u00f3n entre representantes del gobierno sirio y de la oposici\u00f3n a finales del pr\u00f3ximo mes en Mosc\u00fa"},"content":{"rendered":"<p style=\"text-align: justify\"><span style=\"color: #800000\">Mosc\u00fa, SANA<\/span><\/p>\n<p style=\"text-align: justify\">Una fuente del Ministerio de Exteriores ruso anunci\u00f3 que &#8220;una reuni\u00f3n entre representantes del gobierno sirio y la oposici\u00f3n se celebrar\u00e1 en Mosc\u00fa a finales del pr\u00f3ximo mes.&#8221;<\/p>\n<p style=\"text-align: justify\">La agencia de noticias rusa &#8220;RIA Novosti&#8221; cit\u00f3 a una fuente de la canciller\u00eda rusa diciendo que &#8220;la reuni\u00f3n se celebrar\u00e1 a finales del pr\u00f3ximo mes, y est\u00e1 previsto que dure cuatro d\u00edas.&#8221;<\/p>\n<p style=\"text-align: justify\">La fuente indic\u00f3 que &#8220;ser\u00e1 convocada a la reuni\u00f3n en Mosc\u00fa la mayor parte de la oposici\u00f3n siria.&#8221;<\/p>\n<p style=\"text-align: justify\"><span style=\"color: #0000ff\">Fady Marouf &amp; Ghifar Al Ali<\/span><\/p>\n","protected":false},"excerpt":{"rendered":"<p>Mosc\u00fa, SANA Una fuente del Ministerio de Exteriores ruso anunci\u00f3 que &#8220;una reuni\u00f3n entre representantes del gobierno sirio y la oposici\u00f3n se celebrar\u00e1 en Mosc\u00fa a finales del pr\u00f3ximo mes.&#8221; La agencia de noticias rusa &#8220;RIA Novosti&#8221; cit\u00f3 a una fuente de la canciller\u00eda rusa diciendo que &#8220;la reuni\u00f3n se celebrar\u00e1 a finales del pr\u00f3ximo &hellip;<\/p>\n","protected":false},"author":1,"featured_media":3023,"comment_status":"closed","ping_status":"closed","sticky":false,"template":"","format":"standard","meta":{"footnotes":""},"categories":[597,456,457,576],"tags":[3394],"class_list":["post-14906","post","type-post","status-publish","format-standard","has-post-thumbnail","","category-cinta-de-noticias","category-arabe-internacional-politica","category-noticias-arabe-internacional-politica","category-noticias-politicas","tag-rusia-una-reunion-entre-representantes-del-gobierno-sirio-y-de-la-oposicion-a-finales-del-proximo-mes-en-moscu"],"_links":{"self":[{"href":"https:\/\/archive.sana.sy\/es\/index.php?rest_route=\/wp\/v2\/posts\/14906"}],"collection":[{"href":"https:\/\/archive.sana.sy\/es\/index.php?rest_route=\/wp\/v2\/posts"}],"about":[{"href":"https:\/\/archive.sana.sy\/es\/index.php?rest_route=\/wp\/v2\/types\/post"}],"author":[{"embeddable":true,"href":"https:\/\/archive.sana.sy\/es\/index.php?rest_route=\/wp\/v2\/users\/1"}],"replies":[{"embeddable":true,"href":"https:\/\/archive.sana.sy\/es\/index.php?rest_route=%2Fwp%2Fv2%2Fcomments&post=14906"}],"version-history":[{"count":0,"href":"https:\/\/archive.sana.sy\/es\/index.php?rest_route=\/wp\/v2\/posts\/14906\/revisions"}],"wp:featuredmedia":[{"embeddable":true,"href":"https:\/\/archive.sana.sy\/es\/index.php?rest_route=\/wp\/v2\/media\/3023"}],"wp:attachment":[{"href":"https:\/\/archive.sana.sy\/es\/index.php?rest_route=%2Fwp%2Fv2%2Fmedia&parent=14906"}],"wp:term":[{"taxonomy":"category","embeddable":true,"href":"https:\/\/archive.sana.sy\/es\/index.php?rest_route=%2Fwp%2Fv2%2Fcategories&post=14906"},{"taxonomy":"post_tag","embeddable":true,"href":"https:\/\/archive.sana.sy\/es\/index.php?rest_route=%2Fwp%2Fv2%2Ftags&post=14906"}],"curies":[{"name":"wp","href":"https:\/\/api.w.org\/{rel}","templated":true}]}}