{"id":14909,"date":"2014-12-24T13:09:36","date_gmt":"2014-12-24T11:09:36","guid":{"rendered":"http:\/\/www.sana.sy\/es\/?p=14909"},"modified":"2014-12-24T13:50:15","modified_gmt":"2014-12-24T11:50:15","slug":"lariyani-iran-apoya-a-los-pueblos-de-la-region-en-la-lucha-contra-el-terrorismo","status":"publish","type":"post","link":"https:\/\/archive.sana.sy\/es\/?p=14909","title":{"rendered":"Lariyan\u00ed: Ir\u00e1n apoya a los pueblos de la regi\u00f3n en la lucha contra el terrorismo"},"content":{"rendered":"<p style=\"text-align: justify\"><span style=\"color: #800000\">Bagdad, SANA<\/span><\/p>\n<p style=\"text-align: justify\">El presidente de la Asamblea Consultiva Isl\u00e1mica de Ir\u00e1n (Shura), Al\u00ed Lariyan\u00ed, reiter\u00f3 que su pa\u00eds apoya los pueblos de la regi\u00f3n en la lucha contra el terrorismo, haciendo hincapi\u00e9 en la necesidad de fortalecer las relaciones entre todos los sectores de la sociedad en estos pa\u00edses contra las pandillas extremistas que reciben apoyo desde el exterior.<\/p>\n<p style=\"text-align: justify\">En una rueda de prensa conjunta con Salim Juburi, presidente del parlamento iraqu\u00ed en Bagdad, Lariyan\u00ed dijo que la lucha contra el terrorismo es el tema m\u00e1s importante para toda la regi\u00f3n.<\/p>\n<p style=\"text-align: justify\">Asimismo, expres\u00f3 que durante su visita a Siria, L\u00edbano e Irak, fue destacado el inter\u00e9s de estos pa\u00edses a unirse con Ir\u00e1n en la lucha contra el terrorismo.<\/p>\n<p style=\"text-align: justify\">A su vez, Salim Juburi, se\u00f1al\u00f3 que la seguridad de Irak es una parte integral de la seguridad de todos los pa\u00edses de la regi\u00f3n, haciendo hincapi\u00e9 en la necesidad de la cooperaci\u00f3n regional en la lucha contra el terrorismo y en el restablecimiento de la seguridad y la estabilidad en la regi\u00f3n.<\/p>\n<p style=\"text-align: justify\">El Presidente del Parlamento iraqu\u00ed se\u00f1al\u00f3 que su pa\u00eds est\u00e1 interesado en fortalecer las relaciones de amistad con todos los pa\u00edses vecinos, en particular con Ir\u00e1n.<\/p>\n<p style=\"text-align: justify\"><span style=\"color: #0000ff\">Ghifar Al Ali &amp; Fady Marouf<\/span><\/p>\n","protected":false},"excerpt":{"rendered":"<p>Bagdad, SANA El presidente de la Asamblea Consultiva Isl\u00e1mica de Ir\u00e1n (Shura), Al\u00ed Lariyan\u00ed, reiter\u00f3 que su pa\u00eds apoya los pueblos de la regi\u00f3n en la lucha contra el terrorismo, haciendo hincapi\u00e9 en la necesidad de fortalecer las relaciones entre todos los sectores de la sociedad en estos pa\u00edses contra las pandillas extremistas que reciben &hellip;<\/p>\n","protected":false},"author":1,"featured_media":14910,"comment_status":"closed","ping_status":"closed","sticky":false,"template":"","format":"standard","meta":{"footnotes":""},"categories":[597,456,457,576],"tags":[3395],"class_list":["post-14909","post","type-post","status-publish","format-standard","has-post-thumbnail","","category-cinta-de-noticias","category-arabe-internacional-politica","category-noticias-arabe-internacional-politica","category-noticias-politicas","tag-lariyani-iran-apoya-a-los-pueblos-de-la-region-en-la-lucha-contra-el-terrorismo"],"_links":{"self":[{"href":"https:\/\/archive.sana.sy\/es\/index.php?rest_route=\/wp\/v2\/posts\/14909"}],"collection":[{"href":"https:\/\/archive.sana.sy\/es\/index.php?rest_route=\/wp\/v2\/posts"}],"about":[{"href":"https:\/\/archive.sana.sy\/es\/index.php?rest_route=\/wp\/v2\/types\/post"}],"author":[{"embeddable":true,"href":"https:\/\/archive.sana.sy\/es\/index.php?rest_route=\/wp\/v2\/users\/1"}],"replies":[{"embeddable":true,"href":"https:\/\/archive.sana.sy\/es\/index.php?rest_route=%2Fwp%2Fv2%2Fcomments&post=14909"}],"version-history":[{"count":0,"href":"https:\/\/archive.sana.sy\/es\/index.php?rest_route=\/wp\/v2\/posts\/14909\/revisions"}],"wp:featuredmedia":[{"embeddable":true,"href":"https:\/\/archive.sana.sy\/es\/index.php?rest_route=\/wp\/v2\/media\/14910"}],"wp:attachment":[{"href":"https:\/\/archive.sana.sy\/es\/index.php?rest_route=%2Fwp%2Fv2%2Fmedia&parent=14909"}],"wp:term":[{"taxonomy":"category","embeddable":true,"href":"https:\/\/archive.sana.sy\/es\/index.php?rest_route=%2Fwp%2Fv2%2Fcategories&post=14909"},{"taxonomy":"post_tag","embeddable":true,"href":"https:\/\/archive.sana.sy\/es\/index.php?rest_route=%2Fwp%2Fv2%2Ftags&post=14909"}],"curies":[{"name":"wp","href":"https:\/\/api.w.org\/{rel}","templated":true}]}}