{"id":149130,"date":"2020-08-10T08:09:30","date_gmt":"2020-08-10T05:09:30","guid":{"rendered":"http:\/\/sana.sy\/es\/?p=149130"},"modified":"2023-01-10T14:32:11","modified_gmt":"2023-01-10T12:32:11","slug":"incendio-quema-a-25-tiendas-de-campana-en-campamento-de-desplazados-en-hasakeh","status":"publish","type":"post","link":"https:\/\/archive.sana.sy\/es\/?p=149130","title":{"rendered":"Incendio quema a 25 tiendas de campa\u00f1a en campamento de desplazados en Hasakeh"},"content":{"rendered":"<p><span style=\"color: #800000;\"><strong>Hasakeh, SANA<\/strong><\/span><\/p>\n<p>Unas 25 tiendas de campa\u00f1a fueron quemadas en un incendio en el campamento de desplazados de Arisha, ubicado a 25 km al sur de la ciudad de Hasakeh, que est\u00e1 bajo control de la llamada milicia Fuerzas Democr\u00e1ticas de Siria (FDS).<\/p>\n<p>Seg\u00fan informaron fuentes en el campamento, la causa del incendio fue el uso de combustible de mala calidad para encender un \u201cfog\u00f3n de queroseno\u201d.<\/p>\n<p>Varios desplazados fueron ingresados en el hospital de Hasakeh tras sufrir asfixia mientras intentaban apagar el fuego e impedir su propagaci\u00f3n hacia otras carpas.<\/p>\n<p>Dicho campamento alberga a 14 mil personas y fue establecido por la milicia FDS, respaldada por el ocupante estadounidense, para los desplazados de localidades de Hasakeh, Deir Ezzor y Raqqa de ingresar en la ciudad de Hasakeh.<\/p>\n<p><span style=\"color: #0000ff;\">F.M<\/span><\/p>\n<p>&nbsp;<\/p>\n","protected":false},"excerpt":{"rendered":"<p>Hasakeh, SANA Unas 25 tiendas de campa\u00f1a fueron quemadas en un incendio en el campamento de desplazados de Arisha, ubicado a 25 km al sur de la ciudad de Hasakeh, que est\u00e1 bajo control de la llamada milicia Fuerzas Democr\u00e1ticas de Siria (FDS). Seg\u00fan informaron fuentes en el campamento, la causa del incendio fue el &hellip;<\/p>\n","protected":false},"author":34,"featured_media":149131,"comment_status":"closed","ping_status":"closed","sticky":false,"template":"","format":"standard","meta":{"footnotes":""},"categories":[447,597,573,476,7541],"tags":[],"class_list":["post-149130","post","type-post","status-publish","format-standard","has-post-thumbnail","","category-local-politica","category-cinta-de-noticias","category-la-realidad-de-los-acontecimientos-en-siria","category-locales","category-ultimas-noticias"],"_links":{"self":[{"href":"https:\/\/archive.sana.sy\/es\/index.php?rest_route=\/wp\/v2\/posts\/149130"}],"collection":[{"href":"https:\/\/archive.sana.sy\/es\/index.php?rest_route=\/wp\/v2\/posts"}],"about":[{"href":"https:\/\/archive.sana.sy\/es\/index.php?rest_route=\/wp\/v2\/types\/post"}],"author":[{"embeddable":true,"href":"https:\/\/archive.sana.sy\/es\/index.php?rest_route=\/wp\/v2\/users\/34"}],"replies":[{"embeddable":true,"href":"https:\/\/archive.sana.sy\/es\/index.php?rest_route=%2Fwp%2Fv2%2Fcomments&post=149130"}],"version-history":[{"count":0,"href":"https:\/\/archive.sana.sy\/es\/index.php?rest_route=\/wp\/v2\/posts\/149130\/revisions"}],"wp:featuredmedia":[{"embeddable":true,"href":"https:\/\/archive.sana.sy\/es\/index.php?rest_route=\/wp\/v2\/media\/149131"}],"wp:attachment":[{"href":"https:\/\/archive.sana.sy\/es\/index.php?rest_route=%2Fwp%2Fv2%2Fmedia&parent=149130"}],"wp:term":[{"taxonomy":"category","embeddable":true,"href":"https:\/\/archive.sana.sy\/es\/index.php?rest_route=%2Fwp%2Fv2%2Fcategories&post=149130"},{"taxonomy":"post_tag","embeddable":true,"href":"https:\/\/archive.sana.sy\/es\/index.php?rest_route=%2Fwp%2Fv2%2Ftags&post=149130"}],"curies":[{"name":"wp","href":"https:\/\/api.w.org\/{rel}","templated":true}]}}