{"id":14919,"date":"2014-12-24T13:54:32","date_gmt":"2014-12-24T11:54:32","guid":{"rendered":"http:\/\/www.sana.sy\/es\/?p=14919"},"modified":"2014-12-24T13:54:32","modified_gmt":"2014-12-24T11:54:32","slug":"mueren-33-iraquies-en-un-ataque-terrorista-cerca-de-una-base-militar-al-sur-de-bagdad","status":"publish","type":"post","link":"https:\/\/archive.sana.sy\/es\/?p=14919","title":{"rendered":"Mueren 33 iraqu\u00edes en un ataque terrorista cerca de una base militar al sur de Bagdad"},"content":{"rendered":"<p><span style=\"color: #800000\">Bagdad, SANA<\/span><\/p>\n<p>Al menos 33 iraqu\u00edes perdieron la vida y otros 55 resultaron heridos en un ataque terrorista contra una reuni\u00f3n de las fuerzas al-Sahwa, al sur de la capital iraqu\u00ed, Bagdad.<\/p>\n<p>Funcionarios iraqu\u00edes manifestaron que un atacante suicida que llevaba un cintur\u00f3n explosivo, se inmol\u00f3 entre los elementos de las fuerzas de al-Sahwa, que estaban agrupados cerca de una base del ej\u00e9rcito iraqu\u00ed militar en la zona de al-Madayen al sur de Bagdad.<\/p>\n<p>Seg\u00fan los mismos funcionarios, el ataque mat\u00f3 a 33 personas e hiri\u00f3 a otras 55.<\/p>\n<p>&nbsp;<\/p>\n<p><span style=\"color: #0000ff\">Fady Marouf &amp; Ghifar Al Ali<\/span><\/p>\n","protected":false},"excerpt":{"rendered":"<p>Bagdad, SANA Al menos 33 iraqu\u00edes perdieron la vida y otros 55 resultaron heridos en un ataque terrorista contra una reuni\u00f3n de las fuerzas al-Sahwa, al sur de la capital iraqu\u00ed, Bagdad. Funcionarios iraqu\u00edes manifestaron que un atacante suicida que llevaba un cintur\u00f3n explosivo, se inmol\u00f3 entre los elementos de las fuerzas de al-Sahwa, que &hellip;<\/p>\n","protected":false},"author":1,"featured_media":14920,"comment_status":"closed","ping_status":"closed","sticky":false,"template":"","format":"standard","meta":{"footnotes":""},"categories":[597,456,457,576],"tags":[3397],"class_list":["post-14919","post","type-post","status-publish","format-standard","has-post-thumbnail","","category-cinta-de-noticias","category-arabe-internacional-politica","category-noticias-arabe-internacional-politica","category-noticias-politicas","tag-mueren-33-iraquies-en-un-ataque-terrorista-cerca-de-una-base-militar-al-sur-de-bagdad"],"_links":{"self":[{"href":"https:\/\/archive.sana.sy\/es\/index.php?rest_route=\/wp\/v2\/posts\/14919"}],"collection":[{"href":"https:\/\/archive.sana.sy\/es\/index.php?rest_route=\/wp\/v2\/posts"}],"about":[{"href":"https:\/\/archive.sana.sy\/es\/index.php?rest_route=\/wp\/v2\/types\/post"}],"author":[{"embeddable":true,"href":"https:\/\/archive.sana.sy\/es\/index.php?rest_route=\/wp\/v2\/users\/1"}],"replies":[{"embeddable":true,"href":"https:\/\/archive.sana.sy\/es\/index.php?rest_route=%2Fwp%2Fv2%2Fcomments&post=14919"}],"version-history":[{"count":0,"href":"https:\/\/archive.sana.sy\/es\/index.php?rest_route=\/wp\/v2\/posts\/14919\/revisions"}],"wp:featuredmedia":[{"embeddable":true,"href":"https:\/\/archive.sana.sy\/es\/index.php?rest_route=\/wp\/v2\/media\/14920"}],"wp:attachment":[{"href":"https:\/\/archive.sana.sy\/es\/index.php?rest_route=%2Fwp%2Fv2%2Fmedia&parent=14919"}],"wp:term":[{"taxonomy":"category","embeddable":true,"href":"https:\/\/archive.sana.sy\/es\/index.php?rest_route=%2Fwp%2Fv2%2Fcategories&post=14919"},{"taxonomy":"post_tag","embeddable":true,"href":"https:\/\/archive.sana.sy\/es\/index.php?rest_route=%2Fwp%2Fv2%2Ftags&post=14919"}],"curies":[{"name":"wp","href":"https:\/\/api.w.org\/{rel}","templated":true}]}}