{"id":149221,"date":"2020-08-11T12:36:48","date_gmt":"2020-08-11T09:36:48","guid":{"rendered":"http:\/\/sana.sy\/es\/?p=149221"},"modified":"2023-01-12T14:43:34","modified_gmt":"2023-01-12T12:43:34","slug":"nueva-campana-de-arrestos-y-asaltos-israelies-en-jerusalen-ocupada-y-belen","status":"publish","type":"post","link":"https:\/\/archive.sana.sy\/es\/?p=149221","title":{"rendered":"Nueva campa\u00f1a de arrestos y asaltos israel\u00edes en Jerusal\u00e9n ocupada y Bel\u00e9n"},"content":{"rendered":"<p style=\"text-align: justify;\"><strong><span style=\"color: #800000;\">Jerusal\u00e9n ocupada , SANA<\/span><\/strong><\/p>\n<p style=\"text-align: justify;\">Las fuerzas de ocupaci\u00f3n israel\u00edes intensificaron su agresi\u00f3n contra el pueblo palestino y arrestaron a dos palestinos en Bel\u00e9n en Cisjordania ocupada.<\/p>\n<p style=\"text-align: justify;\">La agencia de noticias palestina Wafa inform\u00f3 que la polic\u00eda israel\u00ed irrumpi\u00f3 en el campamento de Aida, al norte de la ciudad para detener los civiles.<\/p>\n<p style=\"text-align: justify;\">Un asalto similar se llev\u00f3 a cabo en la ciudad de Jerusal\u00e9n ocupada y termin\u00f3 en la demolici\u00f3n de una vivienda.<\/p>\n<p style=\"text-align: justify;\">Decenas de viviendas palestinas fueron derribadas por excavadoras israel\u00edes en la referida ciudad con el fin de ejecutar sus hostiles planes de judaizaci\u00f3n.<\/p>\n<p style=\"text-align: justify;\"><span style=\"color: #0000ff;\"><strong>W.S\/F.M<\/strong><\/span><\/p>\n","protected":false},"excerpt":{"rendered":"<p>Jerusal\u00e9n ocupada , SANA Las fuerzas de ocupaci\u00f3n israel\u00edes intensificaron su agresi\u00f3n contra el pueblo palestino y arrestaron a dos palestinos en Bel\u00e9n en Cisjordania ocupada. La agencia de noticias palestina Wafa inform\u00f3 que la polic\u00eda israel\u00ed irrumpi\u00f3 en el campamento de Aida, al norte de la ciudad para detener los civiles. Un asalto similar &hellip;<\/p>\n","protected":false},"author":35,"featured_media":149222,"comment_status":"closed","ping_status":"closed","sticky":false,"template":"","format":"standard","meta":{"footnotes":""},"categories":[597,456,7541],"tags":[],"class_list":["post-149221","post","type-post","status-publish","format-standard","has-post-thumbnail","","category-cinta-de-noticias","category-arabe-internacional-politica","category-ultimas-noticias"],"_links":{"self":[{"href":"https:\/\/archive.sana.sy\/es\/index.php?rest_route=\/wp\/v2\/posts\/149221"}],"collection":[{"href":"https:\/\/archive.sana.sy\/es\/index.php?rest_route=\/wp\/v2\/posts"}],"about":[{"href":"https:\/\/archive.sana.sy\/es\/index.php?rest_route=\/wp\/v2\/types\/post"}],"author":[{"embeddable":true,"href":"https:\/\/archive.sana.sy\/es\/index.php?rest_route=\/wp\/v2\/users\/35"}],"replies":[{"embeddable":true,"href":"https:\/\/archive.sana.sy\/es\/index.php?rest_route=%2Fwp%2Fv2%2Fcomments&post=149221"}],"version-history":[{"count":0,"href":"https:\/\/archive.sana.sy\/es\/index.php?rest_route=\/wp\/v2\/posts\/149221\/revisions"}],"wp:featuredmedia":[{"embeddable":true,"href":"https:\/\/archive.sana.sy\/es\/index.php?rest_route=\/wp\/v2\/media\/149222"}],"wp:attachment":[{"href":"https:\/\/archive.sana.sy\/es\/index.php?rest_route=%2Fwp%2Fv2%2Fmedia&parent=149221"}],"wp:term":[{"taxonomy":"category","embeddable":true,"href":"https:\/\/archive.sana.sy\/es\/index.php?rest_route=%2Fwp%2Fv2%2Fcategories&post=149221"},{"taxonomy":"post_tag","embeddable":true,"href":"https:\/\/archive.sana.sy\/es\/index.php?rest_route=%2Fwp%2Fv2%2Ftags&post=149221"}],"curies":[{"name":"wp","href":"https:\/\/api.w.org\/{rel}","templated":true}]}}