{"id":149225,"date":"2020-08-11T12:52:52","date_gmt":"2020-08-11T09:52:52","guid":{"rendered":"http:\/\/sana.sy\/es\/?p=149225"},"modified":"2020-08-11T12:53:53","modified_gmt":"2020-08-11T09:53:53","slug":"milicia-proestadounidense-fds-secuestra-nueve-civiles-en-deir-ezzor","status":"publish","type":"post","link":"https:\/\/archive.sana.sy\/es\/?p=149225","title":{"rendered":"Milicia proestadounidense (FDS) secuestra nueve civiles en Deir Ezzor"},"content":{"rendered":"<p style=\"text-align: justify;\"><span style=\"color: #800000;\"><strong>Deir Ezzor, SANA<\/strong> <\/span><\/p>\n<p style=\"text-align: justify;\">Como parte de su constante y sistem\u00e1tica agresi\u00f3n contra los civiles sirios, la llamada milicia Fuerzas Democr\u00e1ticas de Siria (FDS), apoyada por las fuerzas de ocupaci\u00f3n estadounidenses, llev\u00f3 a cabo una campa\u00f1a de redadas y arrest\u00f3 a varios civiles en la localidad de Sweidan en el sureste de la provincia de Deir Ezzor.<\/p>\n<p style=\"text-align: justify;\">El objetivo de ese asalto es intentar contener las protestas contra de las pr\u00e1cticas criminales de la autoproclamada milicia Fuerzas Democr\u00e1ticas Sirias (FDS), respaldada por las fuerzas de la ocupaci\u00f3n estadounidenses.<\/p>\n<p style=\"text-align: justify;\">Activistas locales indicaron que la milicia estableci\u00f3 varios puestos de control dentro de la ciudad para impedir que los lugare\u00f1os se manifiesten contra sus actos criminales .<\/p>\n<p style=\"text-align: justify;\">Ning\u00fan d\u00eda pasa en Deir Ezzor sin protestas contra la presencia ilegal de las fuerzas de ocupaci\u00f3n de EE.UU y la llamada milicia Fuerzas Democr\u00e1ticas de Siria (FDS).<\/p>\n<p style=\"text-align: justify;\"><span style=\"color: #0000ff;\"><strong>W.S\/F.M<\/strong><\/span><\/p>\n","protected":false},"excerpt":{"rendered":"<p>Deir Ezzor, SANA Como parte de su constante y sistem\u00e1tica agresi\u00f3n contra los civiles sirios, la llamada milicia Fuerzas Democr\u00e1ticas de Siria (FDS), apoyada por las fuerzas de ocupaci\u00f3n estadounidenses, llev\u00f3 a cabo una campa\u00f1a de redadas y arrest\u00f3 a varios civiles en la localidad de Sweidan en el sureste de la provincia de Deir &hellip;<\/p>\n","protected":false},"author":35,"featured_media":149226,"comment_status":"closed","ping_status":"closed","sticky":false,"template":"","format":"standard","meta":{"footnotes":""},"categories":[477,597,573,476,7541],"tags":[],"class_list":["post-149225","post","type-post","status-publish","format-standard","has-post-thumbnail","","category-noticias-edulcorantes","category-cinta-de-noticias","category-la-realidad-de-los-acontecimientos-en-siria","category-locales","category-ultimas-noticias"],"_links":{"self":[{"href":"https:\/\/archive.sana.sy\/es\/index.php?rest_route=\/wp\/v2\/posts\/149225"}],"collection":[{"href":"https:\/\/archive.sana.sy\/es\/index.php?rest_route=\/wp\/v2\/posts"}],"about":[{"href":"https:\/\/archive.sana.sy\/es\/index.php?rest_route=\/wp\/v2\/types\/post"}],"author":[{"embeddable":true,"href":"https:\/\/archive.sana.sy\/es\/index.php?rest_route=\/wp\/v2\/users\/35"}],"replies":[{"embeddable":true,"href":"https:\/\/archive.sana.sy\/es\/index.php?rest_route=%2Fwp%2Fv2%2Fcomments&post=149225"}],"version-history":[{"count":0,"href":"https:\/\/archive.sana.sy\/es\/index.php?rest_route=\/wp\/v2\/posts\/149225\/revisions"}],"wp:featuredmedia":[{"embeddable":true,"href":"https:\/\/archive.sana.sy\/es\/index.php?rest_route=\/wp\/v2\/media\/149226"}],"wp:attachment":[{"href":"https:\/\/archive.sana.sy\/es\/index.php?rest_route=%2Fwp%2Fv2%2Fmedia&parent=149225"}],"wp:term":[{"taxonomy":"category","embeddable":true,"href":"https:\/\/archive.sana.sy\/es\/index.php?rest_route=%2Fwp%2Fv2%2Fcategories&post=149225"},{"taxonomy":"post_tag","embeddable":true,"href":"https:\/\/archive.sana.sy\/es\/index.php?rest_route=%2Fwp%2Fv2%2Ftags&post=149225"}],"curies":[{"name":"wp","href":"https:\/\/api.w.org\/{rel}","templated":true}]}}