{"id":149369,"date":"2020-08-12T18:43:59","date_gmt":"2020-08-12T15:43:59","guid":{"rendered":"http:\/\/sana.sy\/es\/?p=149369"},"modified":"2020-08-13T07:29:19","modified_gmt":"2020-08-13T04:29:19","slug":"presidente-al-assad-pronuncia-discurso-ante-la-asamblea-del-pueblo","status":"publish","type":"post","link":"https:\/\/archive.sana.sy\/es\/?p=149369","title":{"rendered":"Presidente Al-Assad: Defender a Siria forma parte del proceso que va a restablecer el equilibrio en el mundo"},"content":{"rendered":"<p style=\"text-align: justify;\"><strong><span style=\"color: #800000;\">Damasco, SANA<\/span><\/strong><\/p>\n<p style=\"text-align: justify;\">El presidente Bashar al-Assad, pronunci\u00f3 este mi\u00e9rcoles un discurso ante la Asamblea del Pueblo (Parlamento) que celebr\u00f3 su primera sesi\u00f3n ordinaria de la tercera legislatura.<\/p>\n<p style=\"text-align: justify;\">El presidente asegur\u00f3 que \u201cestaba previsto que esta sesi\u00f3n se celebrara bajo la c\u00fapula de la Asamblea como de costumbre, pero la pandemia del nuevo Coronavirus hizo que se efect\u00fae en el Palacio del Pueblo\u201d.<\/p>\n<p style=\"text-align: justify;\"><span style=\"color: #0000ff;\"><strong>Los comicios legislativos reflejaron el compromiso del pueblo con la Patria<\/strong><\/span><\/p>\n<p style=\"text-align: justify;\">Indic\u00f3 que \u201cla elecci\u00f3n de la Asamblea constituye una etapa hist\u00f3rica de la guerra, cuyos detalles han sido escritos por la voluntad del pueblo\u201d; y afirm\u00f3 que \u201ca pesar de la pandemia hab\u00eda diversidad en las listas electorales y hubo competencia lo que cual fue algo positivo porque refleja el compromiso con la Patria\u201d.<\/p>\n<p style=\"text-align: justify;\">\u201cEscuchamos muchas cr\u00edticas a las elecciones de la Asamblea del Pueblo, y eso en una parte puede ser cierto, pero lo positivo y m\u00e1s importante es que veamos nuestros problemas con honestidad\u201d, explic\u00f3.<\/p>\n<p style=\"text-align: justify;\">\u201cLos planes exitosos parten de visiones estrat\u00e9gicas, y la Asamblea tiene un papel fundamental en el di\u00e1logo y es un puente importante entre el ciudadano y el poder ejecutivo\u201d, se\u00f1al\u00f3.<\/p>\n<p style=\"text-align: justify;\">Remarc\u00f3 que la guerra no impedir\u00e1 que los sirios cumplan sus deberes y tampoco afectar\u00e1 la capacidad y fuerza del pueblo para adaptarse a las circunstancias.<\/p>\n<p style=\"text-align: justify;\">\u201cNuestro pueblo ha enviado a trav\u00e9s de su amplia participaci\u00f3n en las elecciones un mensaje de que la soberan\u00eda no se negocia, y derrotar a los \u201csionistas\u201d en el interior es la forma y v\u00eda para derrotar a los sionistas en el exterior y recuperar a nuestro territorio por completo\u201d, enfatiz\u00f3.<\/p>\n<p style=\"text-align: justify;\"><span style=\"color: #0000ff;\"><strong>Ley C\u00e9sar tiene como objetivo apoyar a los terroristas<\/strong><\/span><\/p>\n<p style=\"text-align: justify;\">Con respecto a la criminal \u201cLey Cesar\u201d impuesta por EE.UU, al-Assad la calific\u00f3 como el t\u00edtulo de una nueva etapa de escalada.<\/p>\n<p style=\"text-align: justify;\">\u201cLa Ley C\u00e9sar\u201d impuesta por EE.UU no es un caso separado de las anteriores etapas del asedio, y que causaron un gran da\u00f1o al pueblo sirio\u201d, critic\u00f3, y a\u00f1adi\u00f3 que Washington por esta ley pretende expresar su apoyo a los terroristas.<\/p>\n<p style=\"text-align: justify;\">El presidente al-Assad consider\u00f3 que Estados Unidos necesita a los terroristas en Siria y Libia y en toda la regi\u00f3n, encabezados por los extremistas del \u201cDaesh\u201d y \u201cFrente Al-Nousra\u201d que son los m\u00e1s cercanos a la administraci\u00f3n norteamericana.<\/p>\n<p style=\"text-align: justify;\">Asimismo, ironiz\u00f3 que \u201clos estadounidenses describen sus sanciones como inteligentes, pero dichas sanciones se plasman en pr\u00e1cticas tales como quemar cosechas y evitar que lleguen a los ciudadanos, es decir ejercer actos de pirater\u00eda y vandalismo, y a lo largo de su historia EE.UU aplic\u00f3 similares sanciones inteligentes de la misma manera\u201d.<\/p>\n<p style=\"text-align: justify;\"><span style=\"color: #0000ff;\"><strong>Lograr la autosuficiencia e incentivar las inversiones y la producci\u00f3n para hacer cara a la Ley C\u00e9sar<\/strong><\/span><\/p>\n<p style=\"text-align: justify;\">En cuanto a la respuesta a esta nefasta medida, el presidente al-Assad destac\u00f3 que el reaccionar pr\u00e1ctico al bloqueo se realiza mediante el aumento de la producci\u00f3n y lograr la autosuficiencia.<\/p>\n<p style=\"text-align: justify;\">De igual manera, hizo hincapi\u00e9 en la importancia de apoyar las peque\u00f1as inversiones y fomentar el sector agr\u00edcola, siendo el pilar principal de la econom\u00eda nacional.<\/p>\n<p style=\"text-align: justify;\">En este sentido, llam\u00f3 a impulsar a las industrias que puedan contribuir a disminuir el volumen de importaciones.<\/p>\n<p style=\"text-align: justify;\">El presidente asegur\u00f3 que \u201ca pesar de todo el da\u00f1o sufrido, la econom\u00eda siria y las inversiones est\u00e1n presentes y siguen resistiendo\u201d.<\/p>\n<p style=\"text-align: justify;\"><span style=\"color: #0000ff;\"><strong>La lucha contra la corrupci\u00f3n continuar\u00e1 sin descanso<\/strong><\/span><\/p>\n<p style=\"text-align: justify;\">Otra forma para incentivar la econom\u00eda es luchar contra la corrupci\u00f3n, opin\u00f3 el presidente.<\/p>\n<p style=\"text-align: justify;\">Seg\u00fan afirm\u00f3, \u201cla ley y la corrupci\u00f3n no pueden encontrarse en un solo lugar y el pa\u00eds no puede permanecer de pie mientras los terroristas lo frustran y los corruptos lo saquean\u201d.<\/p>\n<p style=\"text-align: justify;\">\u201cContinuaremos la lucha contra la corrupci\u00f3n, y esta lucha no se ha detenido ni un solo d\u00eda, pero se ha intensificado en los \u00faltimos a\u00f1os\u201d, afirm\u00f3.<\/p>\n<p style=\"text-align: justify;\">\u201cA trav\u00e9s de los medios legales y las instituciones seguimos recuperando los fondos p\u00fablicos saqueados\u2026 y no habr\u00e1 tolerancia hacia quienes se creen por encima de la ley\u201d, asever\u00f3.<\/p>\n<p style=\"text-align: justify;\">\u201cEstamos en medio de la guerra y estamos hablando de la liberaci\u00f3n del territorio y las diferentes regiones, pero la instauraci\u00f3n de la autoridad del Estado ser\u00e1 mediante la imposici\u00f3n del poder de la ley y no solo con la liberaci\u00f3n de las tierras\u201d, dijo.<\/p>\n<p style=\"text-align: justify;\"><span style=\"color: #0000ff;\"><strong>Defender a Siria forma parte del proceso que va a restablecer el equilibrio en el mundo<\/strong><\/span><\/p>\n<p style=\"text-align: justify;\">Fustig\u00f3 que \u201cel terrorismo se ha convertido en una pol\u00edtica y privar a los pueblos del pan tambi\u00e9n, y la guerra en Siria no es un caso aislado, sino que forma parte del conflicto internacional para controlar el mundo, y el foco de nuestra pol\u00edtica es seguir atacando el terrorismo y recuperando lo que queda de nuestro territorio\u201d.<\/p>\n<p style=\"text-align: justify;\">\u201cNo hay diferencia entre un terrorista local o for\u00e1neo, o entre un soldado sionista, turco o estadounidense pues todos son enemigos sobre nuestra tierra\u201d, subray\u00f3.<\/p>\n<p style=\"text-align: justify;\">Asimismo, destac\u00f3 que las agresiones israel\u00edes contra Deir Ezzor tienen como finalidad facilitar los movimientos de los terroristas de Daesh.<\/p>\n<p style=\"text-align: justify;\">El presidente al-Assad se\u00f1al\u00f3 que Siria junto con el resto de los pa\u00edses del mundo se enfrentan a una guerra larga, e hizo hincapi\u00e9 en que defender a Siria forma parte del proceso que va a restablecer el equilibrio en el mundo.<\/p>\n<p style=\"text-align: justify;\"><span style=\"color: #0000ff;\"><strong>Recuperar al Gol\u00e1n es un derecho de Siria<\/strong><\/span><\/p>\n<p style=\"text-align: justify;\">En cuanto al Gol\u00e1n sirio ocupado, el presidente al-Assad asegur\u00f3 que este territorio sirio permanecer\u00e1 en el coraz\u00f3n de todos los sirios, y agreg\u00f3 que ninguna decisi\u00f3n de anexi\u00f3n emitida por el gobierno de la entidad sionista o por el inmoral r\u00e9gimen estadounidense podr\u00e1 cambiar el estatus del Gol\u00e1n.<\/p>\n<p style=\"text-align: justify;\">\u201cNuestro derecho a recuperarlo no se separa de nuestro derecho a liberar todas nuestras tierras del terrorismo\u201d, precis\u00f3.<\/p>\n<p style=\"text-align: justify;\">Confirm\u00f3 que \u201cPalestina sigue siendo la causa central para Siria y el pueblo palestino es un pueblo hermano\u201d, y agreg\u00f3 que se ha vuelto dif\u00edcil distinguir entre el enemigo sionista y los turcos pro-hermanos musulmanes.<\/p>\n<p style=\"text-align: justify;\"><strong><span style=\"color: #0000ff;\">F.M.\/M.M.\/L.A.<\/span><\/strong><\/p>\n","protected":false},"excerpt":{"rendered":"<p>Damasco, SANA El presidente Bashar al-Assad, pronunci\u00f3 este mi\u00e9rcoles un discurso ante la Asamblea del Pueblo (Parlamento) que celebr\u00f3 su primera sesi\u00f3n ordinaria de la tercera legislatura. El presidente asegur\u00f3 que \u201cestaba previsto que esta sesi\u00f3n se celebrara bajo la c\u00fapula de la Asamblea como de costumbre, pero la pandemia del nuevo Coronavirus hizo que &hellip;<\/p>\n","protected":false},"author":24,"featured_media":149385,"comment_status":"closed","ping_status":"closed","sticky":false,"template":"","format":"standard","meta":{"footnotes":""},"categories":[597,628,16237,583,626],"tags":[],"class_list":["post-149369","post","type-post","status-publish","format-standard","has-post-thumbnail","","category-cinta-de-noticias","category-discursos","category-presidence-de-la-republique-arabe-syria","category-slide","category-sr-presidente"],"_links":{"self":[{"href":"https:\/\/archive.sana.sy\/es\/index.php?rest_route=\/wp\/v2\/posts\/149369"}],"collection":[{"href":"https:\/\/archive.sana.sy\/es\/index.php?rest_route=\/wp\/v2\/posts"}],"about":[{"href":"https:\/\/archive.sana.sy\/es\/index.php?rest_route=\/wp\/v2\/types\/post"}],"author":[{"embeddable":true,"href":"https:\/\/archive.sana.sy\/es\/index.php?rest_route=\/wp\/v2\/users\/24"}],"replies":[{"embeddable":true,"href":"https:\/\/archive.sana.sy\/es\/index.php?rest_route=%2Fwp%2Fv2%2Fcomments&post=149369"}],"version-history":[{"count":0,"href":"https:\/\/archive.sana.sy\/es\/index.php?rest_route=\/wp\/v2\/posts\/149369\/revisions"}],"wp:featuredmedia":[{"embeddable":true,"href":"https:\/\/archive.sana.sy\/es\/index.php?rest_route=\/wp\/v2\/media\/149385"}],"wp:attachment":[{"href":"https:\/\/archive.sana.sy\/es\/index.php?rest_route=%2Fwp%2Fv2%2Fmedia&parent=149369"}],"wp:term":[{"taxonomy":"category","embeddable":true,"href":"https:\/\/archive.sana.sy\/es\/index.php?rest_route=%2Fwp%2Fv2%2Fcategories&post=149369"},{"taxonomy":"post_tag","embeddable":true,"href":"https:\/\/archive.sana.sy\/es\/index.php?rest_route=%2Fwp%2Fv2%2Ftags&post=149369"}],"curies":[{"name":"wp","href":"https:\/\/api.w.org\/{rel}","templated":true}]}}